{"id":62548,"date":"2023-05-26T20:46:03","date_gmt":"2023-05-27T01:46:03","guid":{"rendered":"https:\/\/interaccionnoticias.com.mx\/?p=62548"},"modified":"2023-05-26T20:46:06","modified_gmt":"2023-05-27T01:46:06","slug":"ocupa-guerrero-el-sexto-lugar-en-discriminacion-de-las-mujeres-en-los-programas-sociales","status":"publish","type":"post","link":"https:\/\/www.interaccionnoticias.com.mx\/?p=62548","title":{"rendered":"Ocupa Guerrero el sexto lugar en discriminaci\u00f3n de las mujeres en los programas sociales"},"content":{"rendered":"\n<p><strong>Rosario Garc\u00eda Orozco<\/strong><\/p>\n\n\n\n<p><strong>Chilpancingo, 26 de mayo de 2023.-<\/strong> La presidenta de la Red Guerrerense para el Avance Pol\u00edtico de las Mujeres, Muriel Salinas Diaz, calific\u00f3 como grave el retroceso que reflejan los programas sociales, econ\u00f3micos y del campo a favor de las mujeres, en el informe sobre la discriminaci\u00f3n, representado este jueves por el Instituto Nacional de Estad\u00edsticas, Geograf\u00eda e Inform\u00e1tica (INEGI), en el que Guerrero ocupa el sexto lugar.<\/p>\n\n\n\n<p>Los datos presentados como resultado de la \u00faltima encuesta presentada por el INEGI, refieren que durante los \u00faltimos cinco a\u00f1os, el nivel de marginaci\u00f3n de las mujeres pas\u00f3 del 20 al 23 por ciento, y se detall\u00f3 que las mujeres de 18 a\u00f1os en adelante, son las que m\u00e1s padecen discriminaci\u00f3n en el pa\u00eds.<\/p>\n\n\n\n<p>Muriel Salinas consider\u00f3 que la discriminaci\u00f3n m\u00e1s severa radica en que a las mujeres se les ha negado el derecho a acceder a los programas sociales, como son: Becas Bienestar, seguido de atenci\u00f3n m\u00e9dica, y asignaci\u00f3n de medicamentos, con el 36.5 por ciento.<\/p>\n\n\n\n<p>Lament\u00f3 que el gobierno federal haya desaparecido los programas como Prospera, as\u00ed como los del \u00e1mbito de desarrollo rural para las mujeres del campo, que les permit\u00eda promover el desarrollo productivo de las campesinas y productoras rurales.<\/p>\n\n\n\n<p>De igual manera dijo que ya no hay ning\u00fan programa dirigido a fortalecer el emprededurismo delas mujeres, es decir, las microempresas, que hab\u00eda sido una \u201cconquista\u201d a nivel nacional durante los \u00faltimos 30 a\u00f1os, se han perdido, reclam\u00f3.<\/p>\n\n\n\n<p>\u201cEste es uno de los datos m\u00e1s preocupantes, la manera en que esta encuesta nacional de discriminaci\u00f3n 2022, refleja ya el impacto negativo de las mujeres en el ejercicio de los derechos sociales y sobre sus derechos econ\u00f3micos, que son los dos m\u00e1s afectados por las medidas regresivas del gobierno federal, porque ha venido desmantelando lo que se construy\u00f3 durante los \u00faltimos 30 a\u00f1os\u00bb, se\u00f1al\u00f3 la activista feminista.<\/p>\n\n\n\n<p>La encuesta del INEGI tambi\u00e9n refleja que el 30.3 por ciento de las mujeres sufrieron discriminaci\u00f3n por su peso y estatura, mientras que en la percepci\u00f3n al respeto de los derechos de las mujeres el 37.7 por ciento dijo que se respeta poco y un 17 por ciento asegur\u00f3 que se respetan mucho.<\/p>\n\n\n\n<p>Finalmente, Salinas D\u00edaz destac\u00f3 que el 23.4 por ciento de las mujeres dijeron que se les neg\u00f3 de manera injustificada algunos de los derechos durante los \u00faltimos 5 a\u00f1os, y de este porcentaje, 47.2 por ciento de la poblaci\u00f3n femenina, dijo que el derecho que se les neg\u00f3 es a recibir apoyo de programas sociales.<\/p>\n","protected":false},"excerpt":{"rendered":"<p>Rosario Garc\u00eda Orozco Chilpancingo, 26 de mayo de 2023.- La presidenta de la Red Guerrerense para el Avance Pol\u00edtico de las Mujeres, Muriel Salinas Diaz, calific\u00f3 como grave el retroceso&hellip; <\/p>\n","protected":false},"author":14,"featured_media":62549,"comment_status":"open","ping_status":"open","sticky":false,"template":"","format":"standard","meta":{"fifu_image_url":"","fifu_image_alt":"","footnotes":""},"categories":[11],"tags":[],"class_list":["post-62548","post","type-post","status-publish","format-standard","has-post-thumbnail","hentry","category-guerrero"],"_links":{"self":[{"href":"https:\/\/www.interaccionnoticias.com.mx\/index.php?rest_route=\/wp\/v2\/posts\/62548","targetHints":{"allow":["GET"]}}],"collection":[{"href":"https:\/\/www.interaccionnoticias.com.mx\/index.php?rest_route=\/wp\/v2\/posts"}],"about":[{"href":"https:\/\/www.interaccionnoticias.com.mx\/index.php?rest_route=\/wp\/v2\/types\/post"}],"author":[{"embeddable":true,"href":"https:\/\/www.interaccionnoticias.com.mx\/index.php?rest_route=\/wp\/v2\/users\/14"}],"replies":[{"embeddable":true,"href":"https:\/\/www.interaccionnoticias.com.mx\/index.php?rest_route=%2Fwp%2Fv2%2Fcomments&post=62548"}],"version-history":[{"count":1,"href":"https:\/\/www.interaccionnoticias.com.mx\/index.php?rest_route=\/wp\/v2\/posts\/62548\/revisions"}],"predecessor-version":[{"id":62550,"href":"https:\/\/www.interaccionnoticias.com.mx\/index.php?rest_route=\/wp\/v2\/posts\/62548\/revisions\/62550"}],"wp:featuredmedia":[{"embeddable":true,"href":"https:\/\/www.interaccionnoticias.com.mx\/index.php?rest_route=\/wp\/v2\/media\/62549"}],"wp:attachment":[{"href":"https:\/\/www.interaccionnoticias.com.mx\/index.php?rest_route=%2Fwp%2Fv2%2Fmedia&parent=62548"}],"wp:term":[{"taxonomy":"category","embeddable":true,"href":"https:\/\/www.interaccionnoticias.com.mx\/index.php?rest_route=%2Fwp%2Fv2%2Fcategories&post=62548"},{"taxonomy":"post_tag","embeddable":true,"href":"https:\/\/www.interaccionnoticias.com.mx\/index.php?rest_route=%2Fwp%2Fv2%2Ftags&post=62548"}],"curies":[{"name":"wp","href":"https:\/\/api.w.org\/{rel}","templated":true}]}}