{"id":62545,"date":"2023-05-26T20:40:54","date_gmt":"2023-05-27T01:40:54","guid":{"rendered":"https:\/\/interaccionnoticias.com.mx\/?p=62545"},"modified":"2023-05-26T20:40:56","modified_gmt":"2023-05-27T01:40:56","slug":"logra-la-ceteg-nombramiento-de-uno-de-sus-integrantes-en-la-direccion-de-educacion-indigena","status":"publish","type":"post","link":"https:\/\/www.interaccionnoticias.com.mx\/?p=62545","title":{"rendered":"Logra la Ceteg nombramiento de uno de sus integrantes en la Direcci\u00f3n de Educaci\u00f3n Ind\u00edgena"},"content":{"rendered":"\n<p><em><strong>&#8212; Advierte que seguir\u00e1n las movilizaciones en la conquista de m\u00e1s espacios<\/strong><\/em><\/p>\n\n\n\n<p><strong>Rosario Garc\u00eda Orozco<\/strong><\/p>\n\n\n\n<p><strong>Chilpancingo, Gro., 26 de mayo del 2023.-<\/strong> Maestros de la Coordinadora Estatal de Trabajadores de la Educaci\u00f3n Guerrero (CETEG) realizaron un mitin en las instalaciones de la Direcci\u00f3n de Educaci\u00f3n Ind\u00edgena de la Secretar\u00eda de Educaci\u00f3n Guerrero (SEG), luego de que le fue entregado el nombramiento como titular de esa \u00e1rea a uno de sus compa\u00f1eros, F\u00e9lix Vargas Guzm\u00e1n.<\/p>\n\n\n\n<p>Los docentes reconocieron la determinaci\u00f3n del gobierno estatal de nombrar en la Direcci\u00f3n de Educaci\u00f3n Ind\u00edgena a quien fue la propuesta de la CETEG, resultado del segundo Congreso Pol\u00edtico Educativo de los Pueblos Originarios, que se llev\u00f3 a cabo hace algunas semanas, y consideraron que su designaci\u00f3n permitir\u00e1 m\u00e1s atenci\u00f3n y soluci\u00f3n de las necesidades y carencias de los centros educativos, ubicados en las poblaciones ind\u00edgenas del estado.<\/p>\n\n\n\n<p>F\u00e9lix Vargas coment\u00f3 que a lo largo de los a\u00f1os, la educaci\u00f3n indigena ha sido minimizada en el pa\u00eds y en Guerrero, por lo que estableci\u00f3 el compromiso de trabajar en la elaboraci\u00f3n de proyectos para conseguir equipos tecnol\u00f3gicos para cada centro de trabajo, y \u00abvamos a promover cursos de capacitaci\u00f3n para que nuestros compa\u00f1eros cuenten con estrategias que permitan abatir el rezago educativo\u00bb.<\/p>\n\n\n\n<p>H\u00e9ctor Torres, secretario general de la Ceteg, exigi\u00f3 al gobierno federal que d\u00e9 marcha atr\u00e1s a la fusi\u00f3n de las instituciones educativas de atenci\u00f3n a los pueblos originarios, como la Direcci\u00f3n de Educaci\u00f3n Intercultural Ind\u00edgena, y el Instituto Nacional de las Lenguas Ind\u00edgenas, con el Instituto Nacional de los Pueblos Ind\u00edgenas (INPI).<\/p>\n\n\n\n<p>Lo anterior, porque consider\u00f3 que al fusionarse esas instancias, se debilitar\u00e1 a\u00fan m\u00e1s la atenci\u00f3n al sector ind\u00edgena. \u00abLo que pedimos es que se respete el art\u00edculo tercero de la Constituci\u00f3n, para que se impulse una Subsecretar\u00eda de Educaci\u00f3n de los Pueblos Originarios en todos los estados\u00bb, y se fortalezca con ella la atenci\u00f3n, aunque en el caso de Guerrero fue aprobado hace \u00abvarios a\u00f1os\u00bb, pero no ha entrado en operaci\u00f3n.<\/p>\n\n\n\n<p>-Continuar\u00e1n las movilizaciones \u00abporque hacen falta m\u00e1s espacios por conquistar.<\/p>\n\n\n\n<p>El dirigente de la Ceteg agreg\u00f3 que van a continuar con las movilizaciones magisteriales \u00abporque este es el primer logro, pero hacen falta m\u00e1s espacios por conquistar. Falta el reconocimiento de la Delegaci\u00f3n Regional de los Servicios Educativos de la Costa Chica. Y repudiamos la forma de como el gobierno est\u00e1 tratando a la Ceteg\u00bb.<\/p>\n\n\n\n<p>Anunci\u00f3 una jornada de lucha que iniciar\u00e1 en septiembre pr\u00f3ximo, \u00abporque ya no es posible continuar de rodillas, ni que nos tengan en estas condiciones laborales, llevaremos la voz al Congreso Nacional de la Ceteg para que no haya m\u00e1s jornadas de lucha regionales o locales, sino que sea una movilizaci\u00f3n nacional\u00bb.<\/p>\n\n\n\n<p>Tambi\u00e9n conden\u00f3 la \u00abrepresi\u00f3n en contra de los alumnos y docentes que fueron desalojados en Palacio de gobierno, me refiero a nuestros hermanos de Cochoapa el Grande, un municipio que carece de muchas cosas, de Infraestructura educativa, de recursos humanos, ese fue su delito\u00bb, e hizo un compromiso de mantenerse pendiente de las demandas de los docentes de ese municipio ind\u00edgena y de la respuesta de las autoridades.<\/p>\n","protected":false},"excerpt":{"rendered":"<p>&#8212; Advierte que seguir\u00e1n las movilizaciones en la conquista de m\u00e1s espacios Rosario Garc\u00eda Orozco Chilpancingo, Gro., 26 de mayo del 2023.- Maestros de la Coordinadora Estatal de Trabajadores de&hellip; <\/p>\n","protected":false},"author":14,"featured_media":62546,"comment_status":"open","ping_status":"open","sticky":false,"template":"","format":"standard","meta":{"fifu_image_url":"","fifu_image_alt":"","footnotes":""},"categories":[6],"tags":[],"class_list":["post-62545","post","type-post","status-publish","format-standard","has-post-thumbnail","hentry","category-educacion"],"_links":{"self":[{"href":"https:\/\/www.interaccionnoticias.com.mx\/index.php?rest_route=\/wp\/v2\/posts\/62545","targetHints":{"allow":["GET"]}}],"collection":[{"href":"https:\/\/www.interaccionnoticias.com.mx\/index.php?rest_route=\/wp\/v2\/posts"}],"about":[{"href":"https:\/\/www.interaccionnoticias.com.mx\/index.php?rest_route=\/wp\/v2\/types\/post"}],"author":[{"embeddable":true,"href":"https:\/\/www.interaccionnoticias.com.mx\/index.php?rest_route=\/wp\/v2\/users\/14"}],"replies":[{"embeddable":true,"href":"https:\/\/www.interaccionnoticias.com.mx\/index.php?rest_route=%2Fwp%2Fv2%2Fcomments&post=62545"}],"version-history":[{"count":1,"href":"https:\/\/www.interaccionnoticias.com.mx\/index.php?rest_route=\/wp\/v2\/posts\/62545\/revisions"}],"predecessor-version":[{"id":62547,"href":"https:\/\/www.interaccionnoticias.com.mx\/index.php?rest_route=\/wp\/v2\/posts\/62545\/revisions\/62547"}],"wp:featuredmedia":[{"embeddable":true,"href":"https:\/\/www.interaccionnoticias.com.mx\/index.php?rest_route=\/wp\/v2\/media\/62546"}],"wp:attachment":[{"href":"https:\/\/www.interaccionnoticias.com.mx\/index.php?rest_route=%2Fwp%2Fv2%2Fmedia&parent=62545"}],"wp:term":[{"taxonomy":"category","embeddable":true,"href":"https:\/\/www.interaccionnoticias.com.mx\/index.php?rest_route=%2Fwp%2Fv2%2Fcategories&post=62545"},{"taxonomy":"post_tag","embeddable":true,"href":"https:\/\/www.interaccionnoticias.com.mx\/index.php?rest_route=%2Fwp%2Fv2%2Ftags&post=62545"}],"curies":[{"name":"wp","href":"https:\/\/api.w.org\/{rel}","templated":true}]}}