{"id":62534,"date":"2023-05-26T17:01:55","date_gmt":"2023-05-26T22:01:55","guid":{"rendered":"https:\/\/interaccionnoticias.com.mx\/?p=62534"},"modified":"2023-05-26T17:01:57","modified_gmt":"2023-05-26T22:01:57","slug":"asignan-plazas-a-90-egresados-de-normales-publicas-de-guerrero","status":"publish","type":"post","link":"https:\/\/www.interaccionnoticias.com.mx\/?p=62534","title":{"rendered":"Asignan plazas a 90 egresados de normales p\u00fablicas de Guerrero"},"content":{"rendered":"\n<p><strong><em>&#8212; Corresponden al ciclo 2022- 2023, es la cuarta remesa<\/em><\/strong><\/p>\n\n\n\n<p><strong>Rogelio Agust\u00edn<\/strong><\/p>\n\n\n\n<p><strong>Chilpancingo, Gro., 26 Mayo de 2023.- <\/strong>La Secretar\u00eda de Educaci\u00f3n Guerrero (SEG) entreg\u00f3 90 plazas para igual n\u00famero de egresados de las normales p\u00fablicas de la entidad, correspondientes al ciclo 2022-2023, quienes se desempe\u00f1ar\u00e1n en planteles ubicados en las regiones Acapulco-Coyuca; Centro, Monta\u00f1a, Norte y Tierra Caliente.<\/p>\n\n\n\n<p>La distribuci\u00f3n de las plazas, de acuerdo con el titular de la SEG, Marcial Rodr\u00edguez Salda\u00f1a, se realiz\u00f3 como lo establece la Ley General del Sistema para la Carrera de las Maestras y Maestros.<\/p>\n\n\n\n<p>Las plazas se incorporar\u00e1n a los niveles de Preescolar y Primaria, General e Ind\u00edgena, Educaci\u00f3n Especial, Educaci\u00f3n Secundaria y Educaci\u00f3n F\u00edsica, en las que se contemplan lenguas madres como el amuzgo y tlapaneco, y en las asignaturas como: Biolog\u00eda, espa\u00f1ol, formaci\u00f3n c\u00edvica y \u00e9tica y matem\u00e1ticas en nivel Secundaria.<\/p>\n\n\n\n<p>Adem\u00e1s de egresados de las normales p\u00fablicas, fueron considerados profesionistas de la Universidad Pedag\u00f3gica Nacional (UPN).<\/p>\n\n\n\n<p>De manera virtual, a trav\u00e9s de la plataforma zoom, el secretario Rodr\u00edguez Salda\u00f1a atestigu\u00f3 la asignaci\u00f3n de plazas de Admisi\u00f3n de Educaci\u00f3n B\u00e1sica en su cuarta remesa, en el ciclo escolar 2022-2023.<\/p>\n\n\n\n<p>Conmin\u00f3 a los egresados a dar cabal cumplimiento a las normas que rigen al sistema educativo, pues dijo que es de suma importancia la impartici\u00f3n educativa que dar\u00e1n a su alumnado, para formar personas de bien.<\/p>\n\n\n\n<p>Rodr\u00edguez Salda\u00f1a manifest\u00f3 que la educaci\u00f3n es parte importante fundamental para consolidar la cuarta transformaci\u00f3n del pa\u00eds.<\/p>\n\n\n\n<p>Por esa raz\u00f3n, destac\u00f3 que el gobierno de Guerrero trabaja con los cuerpos docentes y administrativos para alcanzar las metas trazadas, en la lucha por a forjar personas con grandes aportes a la sociedad.<\/p>\n","protected":false},"excerpt":{"rendered":"<p>&#8212; Corresponden al ciclo 2022- 2023, es la cuarta remesa Rogelio Agust\u00edn Chilpancingo, Gro., 26 Mayo de 2023.- La Secretar\u00eda de Educaci\u00f3n Guerrero (SEG) entreg\u00f3 90 plazas para igual n\u00famero&hellip; <\/p>\n","protected":false},"author":21,"featured_media":62535,"comment_status":"open","ping_status":"open","sticky":false,"template":"","format":"standard","meta":{"fifu_image_url":"","fifu_image_alt":"","footnotes":""},"categories":[6],"tags":[],"class_list":["post-62534","post","type-post","status-publish","format-standard","has-post-thumbnail","hentry","category-educacion"],"_links":{"self":[{"href":"https:\/\/www.interaccionnoticias.com.mx\/index.php?rest_route=\/wp\/v2\/posts\/62534","targetHints":{"allow":["GET"]}}],"collection":[{"href":"https:\/\/www.interaccionnoticias.com.mx\/index.php?rest_route=\/wp\/v2\/posts"}],"about":[{"href":"https:\/\/www.interaccionnoticias.com.mx\/index.php?rest_route=\/wp\/v2\/types\/post"}],"author":[{"embeddable":true,"href":"https:\/\/www.interaccionnoticias.com.mx\/index.php?rest_route=\/wp\/v2\/users\/21"}],"replies":[{"embeddable":true,"href":"https:\/\/www.interaccionnoticias.com.mx\/index.php?rest_route=%2Fwp%2Fv2%2Fcomments&post=62534"}],"version-history":[{"count":1,"href":"https:\/\/www.interaccionnoticias.com.mx\/index.php?rest_route=\/wp\/v2\/posts\/62534\/revisions"}],"predecessor-version":[{"id":62536,"href":"https:\/\/www.interaccionnoticias.com.mx\/index.php?rest_route=\/wp\/v2\/posts\/62534\/revisions\/62536"}],"wp:featuredmedia":[{"embeddable":true,"href":"https:\/\/www.interaccionnoticias.com.mx\/index.php?rest_route=\/wp\/v2\/media\/62535"}],"wp:attachment":[{"href":"https:\/\/www.interaccionnoticias.com.mx\/index.php?rest_route=%2Fwp%2Fv2%2Fmedia&parent=62534"}],"wp:term":[{"taxonomy":"category","embeddable":true,"href":"https:\/\/www.interaccionnoticias.com.mx\/index.php?rest_route=%2Fwp%2Fv2%2Fcategories&post=62534"},{"taxonomy":"post_tag","embeddable":true,"href":"https:\/\/www.interaccionnoticias.com.mx\/index.php?rest_route=%2Fwp%2Fv2%2Ftags&post=62534"}],"curies":[{"name":"wp","href":"https:\/\/api.w.org\/{rel}","templated":true}]}}