{"id":62526,"date":"2023-05-26T15:33:23","date_gmt":"2023-05-26T20:33:23","guid":{"rendered":"https:\/\/interaccionnoticias.com.mx\/?p=62526"},"modified":"2023-05-26T15:33:25","modified_gmt":"2023-05-26T20:33:25","slug":"reporta-comision-electoral-de-la-uagro-participacion-del-83-por-ciento-en-la-contienda-por-la-rectoria","status":"publish","type":"post","link":"https:\/\/www.interaccionnoticias.com.mx\/?p=62526","title":{"rendered":"Reporta Comisi\u00f3n Electoral de la UAGro participaci\u00f3n del 83 por ciento en la contienda por la rector\u00eda"},"content":{"rendered":"\n<p><em><strong>&#8212; El candidato \u00fanico, Javier Salda\u00f1a Almaz\u00e1n obtuvo 62 mil votos<\/strong><\/em><\/p>\n\n\n\n<p><strong>Rosario Garc\u00eda Orozco<\/strong><\/p>\n\n\n\n<p><strong>Chilpancingo, Gro., 26 de mayo del 2023.- <\/strong>La Comisi\u00f3n Electoral del Consejo Universitario, report\u00f3 una participaci\u00f3n del 83.45 por ciento en la contienda por la rector\u00eda de la Universidad Aut\u00f3noma de Guerrero (UAGro), el candidato \u00fanico, Javier Salda obtuvo m\u00e1s de 62 mil votos.<\/p>\n\n\n\n<p>El \u00f3rgano electoral cont\u00f3 con su propio Programa de Resultados Preliminares (PREP), en una contienda en la que adem\u00e1s de rector, se vot\u00f3 por consejeros universitarios y de unidad acad\u00e9mica.<\/p>\n\n\n\n<p>La ma\u00f1ana de este viernes, la CE dio a conocer que ya ten\u00eda computado el 100 por ciento de los resultados obtenidos en las escuelas, facultades y centros de trabajo con una participaci\u00f3n estimada del 83.45 por ciento del padr\u00f3n.<\/p>\n\n\n\n<p>Destaca que no se registraron incidentes durante el proceso.<\/p>\n\n\n\n<p>Maribel Sep\u00falveda Covarrubias, presidenta de la Comisi\u00f3n Electoral, dijo en el comunicado, que la contienda se realiz\u00f3 con tranquilidad, lo que permite un margen muy amplio de gobernabilidad para la instituci\u00f3n.<\/p>\n\n\n\n<p>El candidato \u00fanico a la rector\u00eda, Javier Salda\u00f1a obtuvo 62 mil 407 votos, de 80 mil 440 universitarios empadronados.<\/p>\n\n\n\n<p>Se registraron 4 mil 55 abstenciones y 670 votos nulos.<\/p>\n\n\n\n<p>En las escuelas y centros de trabajo se instalaron 112 casillas, en la que participaron 647 funcionarios electorales, se utilizaron 300 canceles para que todos los universitarios pudieran ejercer su derecho a votar.<\/p>\n\n\n\n<p>Hasta entrada la tarde del viernes, la comisi\u00f3n no recib\u00eda ning\u00fan recurso de inconformidad, a partir de los resultados que arroja la elecci\u00f3n.<\/p>\n\n\n\n<p>El pr\u00f3ximo 2 de junio la CE sesionar\u00e1 para validar la elecci\u00f3n, en otra convocatoria que est\u00e1 considerada para el 6 de junio se entregar\u00e1 la constancia de mayor\u00eda correspondiente, en esa fecha tomar\u00e1n protesta quienes ganaron la elecci\u00f3n de integrantes del Consejo Universitario, m\u00e1ximo \u00f3rgano de gobierno en la instituci\u00f3n.<\/p>\n\n\n\n<p>La toma de protesta est\u00e1 considerada para el pr\u00f3ximo 27 de septiembre, el periodo para el que se contendi\u00f3 fue de 2023 a 2027.<\/p>\n","protected":false},"excerpt":{"rendered":"<p>&#8212; El candidato \u00fanico, Javier Salda\u00f1a Almaz\u00e1n obtuvo 62 mil votos Rosario Garc\u00eda Orozco Chilpancingo, Gro., 26 de mayo del 2023.- La Comisi\u00f3n Electoral del Consejo Universitario, report\u00f3 una participaci\u00f3n&hellip; <\/p>\n","protected":false},"author":14,"featured_media":62527,"comment_status":"open","ping_status":"open","sticky":false,"template":"","format":"standard","meta":{"fifu_image_url":"","fifu_image_alt":"","footnotes":""},"categories":[30],"tags":[],"class_list":["post-62526","post","type-post","status-publish","format-standard","has-post-thumbnail","hentry","category-universidad"],"_links":{"self":[{"href":"https:\/\/www.interaccionnoticias.com.mx\/index.php?rest_route=\/wp\/v2\/posts\/62526","targetHints":{"allow":["GET"]}}],"collection":[{"href":"https:\/\/www.interaccionnoticias.com.mx\/index.php?rest_route=\/wp\/v2\/posts"}],"about":[{"href":"https:\/\/www.interaccionnoticias.com.mx\/index.php?rest_route=\/wp\/v2\/types\/post"}],"author":[{"embeddable":true,"href":"https:\/\/www.interaccionnoticias.com.mx\/index.php?rest_route=\/wp\/v2\/users\/14"}],"replies":[{"embeddable":true,"href":"https:\/\/www.interaccionnoticias.com.mx\/index.php?rest_route=%2Fwp%2Fv2%2Fcomments&post=62526"}],"version-history":[{"count":1,"href":"https:\/\/www.interaccionnoticias.com.mx\/index.php?rest_route=\/wp\/v2\/posts\/62526\/revisions"}],"predecessor-version":[{"id":62528,"href":"https:\/\/www.interaccionnoticias.com.mx\/index.php?rest_route=\/wp\/v2\/posts\/62526\/revisions\/62528"}],"wp:featuredmedia":[{"embeddable":true,"href":"https:\/\/www.interaccionnoticias.com.mx\/index.php?rest_route=\/wp\/v2\/media\/62527"}],"wp:attachment":[{"href":"https:\/\/www.interaccionnoticias.com.mx\/index.php?rest_route=%2Fwp%2Fv2%2Fmedia&parent=62526"}],"wp:term":[{"taxonomy":"category","embeddable":true,"href":"https:\/\/www.interaccionnoticias.com.mx\/index.php?rest_route=%2Fwp%2Fv2%2Fcategories&post=62526"},{"taxonomy":"post_tag","embeddable":true,"href":"https:\/\/www.interaccionnoticias.com.mx\/index.php?rest_route=%2Fwp%2Fv2%2Ftags&post=62526"}],"curies":[{"name":"wp","href":"https:\/\/api.w.org\/{rel}","templated":true}]}}