{"id":62523,"date":"2023-05-26T15:29:54","date_gmt":"2023-05-26T20:29:54","guid":{"rendered":"https:\/\/interaccionnoticias.com.mx\/?p=62523"},"modified":"2023-05-26T15:29:56","modified_gmt":"2023-05-26T20:29:56","slug":"van-104-meses-sin-saber-nada-de-los-43-normalistas-de-ayotzinapa","status":"publish","type":"post","link":"https:\/\/www.interaccionnoticias.com.mx\/?p=62523","title":{"rendered":"Van 104 meses sin saber nada de los 43 normalistas de Ayotzinapa"},"content":{"rendered":"\n<p><strong><em>&#8212; Advierten riesgo de que se pretenda aplicar un carpetazo en el caso<\/em><\/strong><\/p>\n\n\n\n<p><strong>Jes\u00fas Dorantes<\/strong><\/p>\n\n\n\n<p><strong>Chilpancingo, Gro.-<\/strong> Con un mitin, estudiantes de la Normal Rural de Ayotzinapa, as\u00ed como integrantes del Colectivo Lupita Rodr\u00edguez, exigieron al Gobierno de la Rep\u00fablica que d\u00e9 a conocer toda la informaci\u00f3n que tiene sobre el paradero de los 43, pues ya se cumplieron 104 meses sin que se esclarezca el caso.<\/p>\n\n\n\n<p>La jornada del viernes, aproximadamente 30 estudiantes arribaron en un autob\u00fas de pasajeros desde el municipio de Tixtla hasta el Antimonumento a los 43, que se ubica en la avenida L\u00e1zaro C\u00e1rdenas, a las altura de la glorieta de las Banderas, en el municipio de Chilpancingo.<\/p>\n\n\n\n<p>Con la unidad de pasajeros, los j\u00f3venes cortaron la circulaci\u00f3n en los sentidos sur-norte, adem\u00e1s de que colocaron un arreglo floral para recordar que ya van 104 meses sin que se haga justicia.<\/p>\n\n\n\n<p>En su intervenci\u00f3n uno de los j\u00f3venes normalistas conden\u00f3 el hecho de que hasta la fecha, el gobierno del presidente Andr\u00e9s Manuel L\u00f3pez Obrador no han dado ninguna soluci\u00f3n, adem\u00e1s de que cada vez se recortan m\u00e1s los presupuestos para las normales p\u00fablicas, afectando al alumnos que ah\u00ed estudian, y que mayoritariamente son de bajos recursos.<\/p>\n\n\n\n<p>A cuatro meses de que se cumplan nueve a\u00f1os de la desaparici\u00f3n de sus compa\u00f1eros, advirtieron que se sigue intentando cerrar el caso por la v\u00eda del carpetazo, lo que advirti\u00f3, no van a permitir.<\/p>\n","protected":false},"excerpt":{"rendered":"<p>&#8212; Advierten riesgo de que se pretenda aplicar un carpetazo en el caso Jes\u00fas Dorantes Chilpancingo, Gro.- Con un mitin, estudiantes de la Normal Rural de Ayotzinapa, as\u00ed como integrantes&hellip; <\/p>\n","protected":false},"author":8,"featured_media":62524,"comment_status":"open","ping_status":"open","sticky":false,"template":"","format":"standard","meta":{"fifu_image_url":"","fifu_image_alt":"","footnotes":""},"categories":[15],"tags":[],"class_list":["post-62523","post","type-post","status-publish","format-standard","has-post-thumbnail","hentry","category-movimientos-sociales"],"_links":{"self":[{"href":"https:\/\/www.interaccionnoticias.com.mx\/index.php?rest_route=\/wp\/v2\/posts\/62523","targetHints":{"allow":["GET"]}}],"collection":[{"href":"https:\/\/www.interaccionnoticias.com.mx\/index.php?rest_route=\/wp\/v2\/posts"}],"about":[{"href":"https:\/\/www.interaccionnoticias.com.mx\/index.php?rest_route=\/wp\/v2\/types\/post"}],"author":[{"embeddable":true,"href":"https:\/\/www.interaccionnoticias.com.mx\/index.php?rest_route=\/wp\/v2\/users\/8"}],"replies":[{"embeddable":true,"href":"https:\/\/www.interaccionnoticias.com.mx\/index.php?rest_route=%2Fwp%2Fv2%2Fcomments&post=62523"}],"version-history":[{"count":1,"href":"https:\/\/www.interaccionnoticias.com.mx\/index.php?rest_route=\/wp\/v2\/posts\/62523\/revisions"}],"predecessor-version":[{"id":62525,"href":"https:\/\/www.interaccionnoticias.com.mx\/index.php?rest_route=\/wp\/v2\/posts\/62523\/revisions\/62525"}],"wp:featuredmedia":[{"embeddable":true,"href":"https:\/\/www.interaccionnoticias.com.mx\/index.php?rest_route=\/wp\/v2\/media\/62524"}],"wp:attachment":[{"href":"https:\/\/www.interaccionnoticias.com.mx\/index.php?rest_route=%2Fwp%2Fv2%2Fmedia&parent=62523"}],"wp:term":[{"taxonomy":"category","embeddable":true,"href":"https:\/\/www.interaccionnoticias.com.mx\/index.php?rest_route=%2Fwp%2Fv2%2Fcategories&post=62523"},{"taxonomy":"post_tag","embeddable":true,"href":"https:\/\/www.interaccionnoticias.com.mx\/index.php?rest_route=%2Fwp%2Fv2%2Ftags&post=62523"}],"curies":[{"name":"wp","href":"https:\/\/api.w.org\/{rel}","templated":true}]}}