{"id":62521,"date":"2023-05-26T14:52:42","date_gmt":"2023-05-26T19:52:42","guid":{"rendered":"https:\/\/www.interaccionnoticias.com.mx\/?p=62521"},"modified":"2023-05-26T14:56:26","modified_gmt":"2023-05-26T19:56:26","slug":"cipog-ez-se-solidariza-con-habitantes-de-cochoapa-el-grande","status":"publish","type":"post","link":"https:\/\/www.interaccionnoticias.com.mx\/?p=62521","title":{"rendered":"CIPOG-EZ se solidariza con habitantes de Cochoapa el Grande"},"content":{"rendered":"\n<p><strong><em>&#8212; Al golpear a una comunidad ind\u00edgena golpean a todos, se\u00f1ala la organizaci\u00f3n<\/em><\/strong><\/p>\n\n\n\n<p><strong>Jes\u00fas Dorantes<\/strong><\/p>\n\n\n\n<p>Chilpancingo, Gro.- El Consejo Ind\u00edgena y Popular de Guerrero \u2013 Emiliano Zapata (CIPOG-EZ) manifest\u00f3 su respaldo de los habitantes de Cochoapa el Grando, tras el acto de \u201crepresi\u00f3n\u201d que sufrieron en las puertas laterales de Palacio de Gobierno, cuando se les impidi\u00f3 retener a los trabajadores.<\/p>\n\n\n\n<p>Por medio de un comunicado, el CIPOG-EZ conden\u00f3 el uso de elementos de la polic\u00eda estatal contra menores y mujeres de dicho municipio ind\u00edgena de la Regi\u00f3n Monta\u00f1a, acusando al gobierno estatal de reprimir a los manifestantes, que s\u00f3lo exigen la soluci\u00f3n a necesidades b\u00e1sicas, como son educaci\u00f3n, salud y seguridad.<\/p>\n\n\n\n<p>En vocero, Jes\u00fas Pl\u00e1cido Galindo destac\u00f3 que cuando se toca a una un sector de las comunidades ind\u00edgenas responder\u00e1n todas en apoyo, pues asever\u00f3: \u201cfueron quebrantados sus derechos a la libre expresi\u00f3n y a la protesta por exigir mejores condiciones de vida, el Gobierno de Estado al reprimir a las comunidades ind\u00edgena reprime a todos nosotros, ind\u00edgenas de los pueblos de Guerrero\u201d.<\/p>\n\n\n\n<p>Ante las exigencias de la comunidad de la Monta\u00f1a destac\u00f3 que s\u00f3lo es un aula y profesores, seguridad, salud y caminos, por lo que consideraron un exceso tambi\u00e9n replegar a los menores de edad.<\/p>\n\n\n\n<p>\u201cEs mejor reprimir ni\u00f1os y mujeres que salen de su comunidad para seguir exhibiendo la falta de m\u00e9dicos, falta de maestros, es mas f\u00e1cil pagarles con antimotines\u201d, se\u00f1ala el escrito.<\/p>\n","protected":false},"excerpt":{"rendered":"<p>&#8212; Al golpear a una comunidad ind\u00edgena golpean a todos, se\u00f1ala la organizaci\u00f3n Jes\u00fas Dorantes Chilpancingo, Gro.- El Consejo Ind\u00edgena y Popular de Guerrero \u2013 Emiliano Zapata (CIPOG-EZ) manifest\u00f3 su&hellip; <\/p>\n","protected":false},"author":19,"featured_media":62520,"comment_status":"open","ping_status":"open","sticky":false,"template":"","format":"standard","meta":{"fifu_image_url":"","fifu_image_alt":"","footnotes":""},"categories":[15],"tags":[],"class_list":["post-62521","post","type-post","status-publish","format-standard","has-post-thumbnail","hentry","category-movimientos-sociales"],"_links":{"self":[{"href":"https:\/\/www.interaccionnoticias.com.mx\/index.php?rest_route=\/wp\/v2\/posts\/62521","targetHints":{"allow":["GET"]}}],"collection":[{"href":"https:\/\/www.interaccionnoticias.com.mx\/index.php?rest_route=\/wp\/v2\/posts"}],"about":[{"href":"https:\/\/www.interaccionnoticias.com.mx\/index.php?rest_route=\/wp\/v2\/types\/post"}],"author":[{"embeddable":true,"href":"https:\/\/www.interaccionnoticias.com.mx\/index.php?rest_route=\/wp\/v2\/users\/19"}],"replies":[{"embeddable":true,"href":"https:\/\/www.interaccionnoticias.com.mx\/index.php?rest_route=%2Fwp%2Fv2%2Fcomments&post=62521"}],"version-history":[{"count":1,"href":"https:\/\/www.interaccionnoticias.com.mx\/index.php?rest_route=\/wp\/v2\/posts\/62521\/revisions"}],"predecessor-version":[{"id":62522,"href":"https:\/\/www.interaccionnoticias.com.mx\/index.php?rest_route=\/wp\/v2\/posts\/62521\/revisions\/62522"}],"wp:featuredmedia":[{"embeddable":true,"href":"https:\/\/www.interaccionnoticias.com.mx\/index.php?rest_route=\/wp\/v2\/media\/62520"}],"wp:attachment":[{"href":"https:\/\/www.interaccionnoticias.com.mx\/index.php?rest_route=%2Fwp%2Fv2%2Fmedia&parent=62521"}],"wp:term":[{"taxonomy":"category","embeddable":true,"href":"https:\/\/www.interaccionnoticias.com.mx\/index.php?rest_route=%2Fwp%2Fv2%2Fcategories&post=62521"},{"taxonomy":"post_tag","embeddable":true,"href":"https:\/\/www.interaccionnoticias.com.mx\/index.php?rest_route=%2Fwp%2Fv2%2Ftags&post=62521"}],"curies":[{"name":"wp","href":"https:\/\/api.w.org\/{rel}","templated":true}]}}