{"id":62516,"date":"2023-05-26T13:26:50","date_gmt":"2023-05-26T18:26:50","guid":{"rendered":"https:\/\/www.interaccionnoticias.com.mx\/?p=62516"},"modified":"2023-05-26T13:31:27","modified_gmt":"2023-05-26T18:31:27","slug":"el-diputado-de-la-diversidad-apoyara-colectivos-lgbt-de-acapulco-iguala-chilpancingo-chilapa-y-zihuatanejo","status":"publish","type":"post","link":"https:\/\/www.interaccionnoticias.com.mx\/?p=62516","title":{"rendered":"El diputado de la diversidad apoyar\u00e1 colectivos LGBT de Acapulco; Iguala, Chilpancingo, Chilapa y Zihuatanejo"},"content":{"rendered":"\n<p><em><strong>&#8212; El 2 de julio, Jacinto Gonz\u00e1lez se reunir\u00e1 con colectivos de seis municipios para apoyar las marchas de la diversidad<\/strong><\/em><br><em><strong>&#8212; \u201cNo voy a ceder a chantajes\u201d, le dice a su suplente<\/strong><\/em><\/p>\n\n\n\n<p><strong>Rogelio Agust\u00edn<\/strong><\/p>\n\n\n\n<p>El dirigente estatal de MORENA, Jacinto Gonz\u00e1lez Varona defendi\u00f3 su permanencia en la diputaci\u00f3n que actualmente ocupa en la 63 Legislatura local, bajo el argumento de que s\u00ed apoya a la comunidad LGBT y que nunca se ha distanciado de los colectivos, aunque anticip\u00f3 que dejar\u00e1 la curul cuando los tiempos electorales lo ameriten.<\/p>\n\n\n\n<p>La jornada del martes, el diputado local suplente, Fernando Ag\u00fcero Garc\u00eda dio a conocer que hab\u00eda un rompimiento con Gonz\u00e1lez Varona, ya que este hab\u00eda tomado la determinaci\u00f3n de suspender el apoyo que se le otorgaba de manera mensual, mismo que asciende a cien mil pesos y que utiliza para apoyar a los grupos de la comunidad LGBT.<\/p>\n\n\n\n<p>El diputado suplente sostuvo que la decisi\u00f3n de su titular es complicada, ya que lo hace a pocos d\u00edas del mes de junio, cuando se tienen programadas varias acciones, entre ellas las marchas de la diversidad.<\/p>\n\n\n\n<p>Dijo que el recurso que dej\u00f3 de llegarle es de cien mil pesos, producto de la gestor\u00eda destinada para la diputaci\u00f3n asignada a la comunidad LGBT, la cual asegur\u00f3, Jacinto Gonz\u00e1lez Varona Usurpa en el Congreso, porque no pertenece a dicho segmento de la poblaci\u00f3n.<\/p>\n\n\n\n<p>Este viernes, el diputado Gonz\u00e1lez Varona explic\u00f3 que decidi\u00f3 suspender el recurso entregado al suplente, porque una vez que estableci\u00f3 comunicaci\u00f3n con los colectivos, estos le hicieron llegar varias quejas.<\/p>\n\n\n\n<p>Indic\u00f3 que los cien mil pesos que se le daban al suplente representan los gastos de representaci\u00f3n m\u00e1s la gestor\u00eda, de tal suerte que solo se quedaba con su ingreso bruto.<\/p>\n\n\n\n<p>Coment\u00f3 que al margen de la inconformidad dada a conocer por Ag\u00fcero Garc\u00eda, ya tiene programado un desayuno con representantes de los colectivos de Iguala; Chilpancingo, Acapulco, Chilapa y Zihuatanejo, el cual se desarrollar\u00e1 el 2 de junio para entregarles de manera directa el recurso destinado al financiamiento de las marchas del D\u00eda de la Diversidad Sexual.<\/p>\n\n\n\n<p>Destac\u00f3 el hecho de que Ag\u00fcero estuvo solo en la conferencia en que dio a conocer el rompimiento entre ellos, lo que le permite afirmar que la relaci\u00f3n con los colectivos se mantiene a salvo.<\/p>\n\n\n\n<p>Son 16 los grupos que van a reunirse con \u00e9l, adem\u00e1s de directores de la diversidad de diferentes municipios.<\/p>\n\n\n\n<p>Aclar\u00f3 que no est\u00e1 en la din\u00e1mica de sostener un intercambio de declaraciones con su suplente, pues lo verdaderamente importante es respaldar a los integrantes de la comunidad.<\/p>\n\n\n\n<p>Neg\u00f3 que haya retirado la bandera del arco\u00edris de la oficina que ocupa en el Congreso, pues lo \u00fanico que solicit\u00f3 fue que se le entregara limpia.<\/p>\n\n\n\n<p>Jacinto Gonz\u00e1lez anticip\u00f3 que llegado el momento, cuando se requiere centrarse en la preparaci\u00f3n del proceso electoral 2024 volver\u00e1 a separarse de la curul, por lo que el Congreso habr\u00e1 de convocar nuevamente al suplente.<\/p>\n\n\n\n<p>De esa manera, dijo que la declaraci\u00f3n del suplente result\u00f3 un tanto apresurada y fuera de proporci\u00f3n.<\/p>\n\n\n\n<p>Aclar\u00f3: \u201cNosotros no vamos a ceder a chantajes, yo soy un diputado constitucionalmente electo y no se puede hacer m\u00e1s que ejercer la potestad que me dio el Estado de Guerrero, si alguien quiere reclamar algo est\u00e1 en su derecho, pero yo tambi\u00e9n tengo derechos constitucionales\u201d.<\/p>\n","protected":false},"excerpt":{"rendered":"<p>&#8212; El 2 de julio, Jacinto Gonz\u00e1lez se reunir\u00e1 con colectivos de seis municipios para apoyar las marchas de la diversidad&#8212; \u201cNo voy a ceder a chantajes\u201d, le dice a&hellip; <\/p>\n","protected":false},"author":21,"featured_media":62515,"comment_status":"open","ping_status":"open","sticky":false,"template":"","format":"standard","meta":{"fifu_image_url":"","fifu_image_alt":"","footnotes":""},"categories":[],"tags":[],"class_list":["post-62516","post","type-post","status-publish","format-standard","has-post-thumbnail","hentry"],"_links":{"self":[{"href":"https:\/\/www.interaccionnoticias.com.mx\/index.php?rest_route=\/wp\/v2\/posts\/62516","targetHints":{"allow":["GET"]}}],"collection":[{"href":"https:\/\/www.interaccionnoticias.com.mx\/index.php?rest_route=\/wp\/v2\/posts"}],"about":[{"href":"https:\/\/www.interaccionnoticias.com.mx\/index.php?rest_route=\/wp\/v2\/types\/post"}],"author":[{"embeddable":true,"href":"https:\/\/www.interaccionnoticias.com.mx\/index.php?rest_route=\/wp\/v2\/users\/21"}],"replies":[{"embeddable":true,"href":"https:\/\/www.interaccionnoticias.com.mx\/index.php?rest_route=%2Fwp%2Fv2%2Fcomments&post=62516"}],"version-history":[{"count":1,"href":"https:\/\/www.interaccionnoticias.com.mx\/index.php?rest_route=\/wp\/v2\/posts\/62516\/revisions"}],"predecessor-version":[{"id":62517,"href":"https:\/\/www.interaccionnoticias.com.mx\/index.php?rest_route=\/wp\/v2\/posts\/62516\/revisions\/62517"}],"wp:featuredmedia":[{"embeddable":true,"href":"https:\/\/www.interaccionnoticias.com.mx\/index.php?rest_route=\/wp\/v2\/media\/62515"}],"wp:attachment":[{"href":"https:\/\/www.interaccionnoticias.com.mx\/index.php?rest_route=%2Fwp%2Fv2%2Fmedia&parent=62516"}],"wp:term":[{"taxonomy":"category","embeddable":true,"href":"https:\/\/www.interaccionnoticias.com.mx\/index.php?rest_route=%2Fwp%2Fv2%2Fcategories&post=62516"},{"taxonomy":"post_tag","embeddable":true,"href":"https:\/\/www.interaccionnoticias.com.mx\/index.php?rest_route=%2Fwp%2Fv2%2Ftags&post=62516"}],"curies":[{"name":"wp","href":"https:\/\/api.w.org\/{rel}","templated":true}]}}