{"id":62479,"date":"2023-05-25T18:42:33","date_gmt":"2023-05-25T23:42:33","guid":{"rendered":"https:\/\/interaccionnoticias.com.mx\/?p=62479"},"modified":"2023-05-25T18:42:36","modified_gmt":"2023-05-25T23:42:36","slug":"gobernacion-reprocha-la-utilizacion-de-ninos-indigenas-en-las-protestas","status":"publish","type":"post","link":"https:\/\/www.interaccionnoticias.com.mx\/?p=62479","title":{"rendered":"Gobernaci\u00f3n reprocha la utilizaci\u00f3n de ni\u00f1os ind\u00edgenas en las protestas"},"content":{"rendered":"\n<p><em><strong>&#8212; Francisco Rodr\u00edguez Gonz\u00e1lez lamenta que se haya hecho marchar a ni\u00f1os, algunos de ellos descalzos<br>&#8212; Los l\u00edderes pretenden incorporar a la SEG a profesores que carecen de perfil profesional, acusa<\/strong><\/em><\/p>\n\n\n\n<p><strong>Jes\u00fas Dorantes<\/strong><\/p>\n\n\n\n<p><strong>Chilpancingo, Gro.-<\/strong> El director de Gobernaci\u00f3n Estatal, Francisco Rodr\u00edguez Cisneros reproch\u00f3 la utilizaci\u00f3n de ni\u00f1os ind\u00edgenas del municipio de Cochoapa el Grande en las protestas del mi\u00e9rcoles y jueves, pues sostiene que los l\u00edderes pretenden colocar en el sector educativo a personas que carecen del perfil profesional correspondiente.<\/p>\n\n\n\n<p>Durante la marcha del mi\u00e9rcoles 24 de mayo, 15 menores encabezaron al contingente que de la alameda Granados Maldonado llegaron hasta el Recinto Oficial del Poder Ejecutivo.<\/p>\n\n\n\n<p>Ese d\u00eda llam\u00f3 la atenci\u00f3n que varios de los manifestantes iban descalzos, a pesar de las temperaturas de 29\u00b0 a 30\u00b0 grados que se registraron en la capital de Guerrero.<\/p>\n\n\n\n<p>Indic\u00f3 que los dirigentes y padres de familia que encabezan el movimiento, deben en todo momento proteger a los menores, no exponerlos.<\/p>\n\n\n\n<p>A preguntar expresa, el funcionario habl\u00f3 sobre el tema: \u201cSe est\u00e1 haciendo una valoraci\u00f3n para ver si existe alguna repercusi\u00f3n de car\u00e1cter legal, porque se est\u00e1 usando indebidamente a los menores\u201d.<\/p>\n\n\n\n<p>Agreg\u00f3: \u201cEs una situaci\u00f3n muy lamentable, que utilicen a los menores para situaciones que representan meros beneficios personales, cuestiones que tienen que ver con plazas o asignaci\u00f3n de horas\u201d.<\/p>\n\n\n\n<p>Se\u00f1al\u00f3 que una muestra del abuso de los adultos, es el hecho de que mientras los ni\u00f1os caminan descalzos, los que dieron las declaraciones a los medios estaban debidamente calzados.<\/p>\n\n\n\n<p>\u201cHay algo que llama mucho la atenci\u00f3n en las protestas del mi\u00e9rcoles y jueves; mientras los ni\u00f1os marchan descalzos los maestros caminan con zapatos\u201d, anot\u00f3.<\/p>\n\n\n\n<p>Respecto a las razones por las que el conflicto no se ha resuelto, Rodr\u00edguez Cisneros explic\u00f3 que los manifestantes intentan colocar a profesores que no cuentan con el perfil necesario para estar frente a grupo.<\/p>\n\n\n\n<p>\u201cLo profesores no quieren sujetarse a los procesos normativos, quieren ganarlos por medio de la presi\u00f3n y esas pr\u00e1cticas ya no deben de existir, se les ha dicho muy claro\u201d, anot\u00f3.<\/p>\n\n\n\n<p>De acuerdo con el funcionario, lo que se intenta hacer, es \u201cllenar a las Secretar\u00eda de Educaci\u00f3n con personas que no cuentan con el perfil y que al final lo \u00fanico que hacen es generar movilizaciones, no atender en las aulas a los ni\u00f1os que ellos dicen defender\u201d.<\/p>\n","protected":false},"excerpt":{"rendered":"<p>&#8212; Francisco Rodr\u00edguez Gonz\u00e1lez lamenta que se haya hecho marchar a ni\u00f1os, algunos de ellos descalzos&#8212; Los l\u00edderes pretenden incorporar a la SEG a profesores que carecen de perfil profesional,&hellip; <\/p>\n","protected":false},"author":8,"featured_media":62480,"comment_status":"open","ping_status":"open","sticky":false,"template":"","format":"standard","meta":{"fifu_image_url":"","fifu_image_alt":"","footnotes":""},"categories":[11],"tags":[],"class_list":["post-62479","post","type-post","status-publish","format-standard","has-post-thumbnail","hentry","category-guerrero"],"_links":{"self":[{"href":"https:\/\/www.interaccionnoticias.com.mx\/index.php?rest_route=\/wp\/v2\/posts\/62479","targetHints":{"allow":["GET"]}}],"collection":[{"href":"https:\/\/www.interaccionnoticias.com.mx\/index.php?rest_route=\/wp\/v2\/posts"}],"about":[{"href":"https:\/\/www.interaccionnoticias.com.mx\/index.php?rest_route=\/wp\/v2\/types\/post"}],"author":[{"embeddable":true,"href":"https:\/\/www.interaccionnoticias.com.mx\/index.php?rest_route=\/wp\/v2\/users\/8"}],"replies":[{"embeddable":true,"href":"https:\/\/www.interaccionnoticias.com.mx\/index.php?rest_route=%2Fwp%2Fv2%2Fcomments&post=62479"}],"version-history":[{"count":1,"href":"https:\/\/www.interaccionnoticias.com.mx\/index.php?rest_route=\/wp\/v2\/posts\/62479\/revisions"}],"predecessor-version":[{"id":62481,"href":"https:\/\/www.interaccionnoticias.com.mx\/index.php?rest_route=\/wp\/v2\/posts\/62479\/revisions\/62481"}],"wp:featuredmedia":[{"embeddable":true,"href":"https:\/\/www.interaccionnoticias.com.mx\/index.php?rest_route=\/wp\/v2\/media\/62480"}],"wp:attachment":[{"href":"https:\/\/www.interaccionnoticias.com.mx\/index.php?rest_route=%2Fwp%2Fv2%2Fmedia&parent=62479"}],"wp:term":[{"taxonomy":"category","embeddable":true,"href":"https:\/\/www.interaccionnoticias.com.mx\/index.php?rest_route=%2Fwp%2Fv2%2Fcategories&post=62479"},{"taxonomy":"post_tag","embeddable":true,"href":"https:\/\/www.interaccionnoticias.com.mx\/index.php?rest_route=%2Fwp%2Fv2%2Ftags&post=62479"}],"curies":[{"name":"wp","href":"https:\/\/api.w.org\/{rel}","templated":true}]}}