{"id":6242,"date":"2017-07-07T13:15:49","date_gmt":"2017-07-07T18:15:49","guid":{"rendered":"http:\/\/www.inter-accion.com.mx\/?p=6242"},"modified":"2017-07-07T13:15:49","modified_gmt":"2017-07-07T18:15:49","slug":"empresarios-que-se-armaron-no-son-de-la-canaco-senala-dirigente","status":"publish","type":"post","link":"https:\/\/www.interaccionnoticias.com.mx\/?p=6242","title":{"rendered":"Empresarios que se armaron, no son de la CANACO, se\u00f1ala dirigente"},"content":{"rendered":"<p>Primeros empresarios armados, no pertenecen a la C\u00e1mara Nacional del Comercio (CANACO) en Chilpancingo, asegur\u00f3 el dirigente empresarial Victor Manuel Ortega Corona.<br \/>\nAl inicio de semana, algunos comercios ubicados en el primer cuadro de la ciudad, colocaron en sitios visibles un permiso de portaci\u00f3n de arma, avalado por la Secretar\u00eda de la Defensa Nacional (SEDENA).<br \/>\nA nivel local, la Confederaci\u00f3n Patronal de la Rep\u00fablica Mexicana (COPARMEX) y la CANACO, han insistido p\u00fablicamente en la necesidad de portar armas de fuego para defenderse de delincuentes.<br \/>\nSin embargo, el dirigente de la CANACO, V\u00edctor Manuel Ortega Corona neg\u00f3 que sus afiliados hayan solicitado ese permiso a la SEDENA.&nbsp;<br \/>\nAunque mencion\u00f3 que es una opci\u00f3n viable para hacer frente a la delincuencia organizada, tambi\u00e9n insisti\u00f3 que existe una autoridad que debe garantizar la seguridad y garant\u00edas a la ciudadan\u00eda, por lo que la solicitud de portar armas, est\u00e1 pr\u00e1cticamente descartada.<br \/>\nDetall\u00f3 que ninguna de las organizaciones empresariales con que tiene relaci\u00f3n la CANACO, le ha informado que cuenta con permisos para el uso de armas dentro de los negocios de sus afiliados, por lo que dijo desconocer a que grupo pertenecen los empresarios que cuentan con los permisos expedidos por la SEDENA.\u2060\u2060\u2060\u2060<\/p>\n","protected":false},"excerpt":{"rendered":"<p>Primeros empresarios armados, no pertenecen a la C\u00e1mara Nacional del Comercio (CANACO) en Chilpancingo, asegur\u00f3 el dirigente empresarial Victor Manuel Ortega Corona. Al inicio de semana, algunos comercios ubicados en&hellip; <\/p>\n","protected":false},"author":1,"featured_media":0,"comment_status":"closed","ping_status":"closed","sticky":false,"template":"","format":"standard","meta":{"fifu_image_url":"","fifu_image_alt":"","footnotes":""},"categories":[13,8],"tags":[],"class_list":["post-6242","post","type-post","status-publish","format-standard","hentry","category-capital","category-featured"],"_links":{"self":[{"href":"https:\/\/www.interaccionnoticias.com.mx\/index.php?rest_route=\/wp\/v2\/posts\/6242","targetHints":{"allow":["GET"]}}],"collection":[{"href":"https:\/\/www.interaccionnoticias.com.mx\/index.php?rest_route=\/wp\/v2\/posts"}],"about":[{"href":"https:\/\/www.interaccionnoticias.com.mx\/index.php?rest_route=\/wp\/v2\/types\/post"}],"author":[{"embeddable":true,"href":"https:\/\/www.interaccionnoticias.com.mx\/index.php?rest_route=\/wp\/v2\/users\/1"}],"replies":[{"embeddable":true,"href":"https:\/\/www.interaccionnoticias.com.mx\/index.php?rest_route=%2Fwp%2Fv2%2Fcomments&post=6242"}],"version-history":[{"count":0,"href":"https:\/\/www.interaccionnoticias.com.mx\/index.php?rest_route=\/wp\/v2\/posts\/6242\/revisions"}],"wp:attachment":[{"href":"https:\/\/www.interaccionnoticias.com.mx\/index.php?rest_route=%2Fwp%2Fv2%2Fmedia&parent=6242"}],"wp:term":[{"taxonomy":"category","embeddable":true,"href":"https:\/\/www.interaccionnoticias.com.mx\/index.php?rest_route=%2Fwp%2Fv2%2Fcategories&post=6242"},{"taxonomy":"post_tag","embeddable":true,"href":"https:\/\/www.interaccionnoticias.com.mx\/index.php?rest_route=%2Fwp%2Fv2%2Ftags&post=6242"}],"curies":[{"name":"wp","href":"https:\/\/api.w.org\/{rel}","templated":true}]}}