{"id":6239,"date":"2017-07-07T12:52:01","date_gmt":"2017-07-07T17:52:01","guid":{"rendered":"http:\/\/www.inter-accion.com.mx\/?p=6239"},"modified":"2017-07-07T12:52:01","modified_gmt":"2017-07-07T17:52:01","slug":"apenas-tres-cuerpos-de-28-entregados","status":"publish","type":"post","link":"https:\/\/www.interaccionnoticias.com.mx\/?p=6239","title":{"rendered":"Apenas tres cuerpos de 28 entregados"},"content":{"rendered":"<p><strong>Siete no han sido reclamados, asegura<\/strong><br \/>\n<strong>Acapulco, Gro.-<\/strong> Tres de los 28 cuerpos de los convictos ultimados la madrugada del jueves, en el penal de Las Cruces en Acapulco, ya fueron entregados a sus respectivas familias.<br \/>\nLa identificaci\u00f3n de los mismos ha sido un proceso lento, pues de los 28, siete siguen sin ser reclamados.<br \/>\nSe espera que en el transcurso del d\u00eda se agilice la entrega de los cad\u00e1veres, de los cuales 21 ya fueron reconocidos y siete aun no los reclaman.<br \/>\nAunque autoridades ministeriales y el vocero de Seguridad Roberto \u00c1lvarez, informaron que a partir de las siete de la ma\u00f1ana se habr\u00eda de iniciar la entrega de los cuerpos, apenas tres se los llevaron sus familiares.<br \/>\n\u00abYa se entregaron tres cuerpos y est\u00e1n en proceso de entrega otros dos m\u00e1s y el gobierno del estado apoyar\u00e1 a los deudos con los gastos\u00bb, dijo el vocero del Grupo de Coordinaci\u00f3n Guerrero.<\/p>\n","protected":false},"excerpt":{"rendered":"<p>Siete no han sido reclamados, asegura Acapulco, Gro.- Tres de los 28 cuerpos de los convictos ultimados la madrugada del jueves, en el penal de Las Cruces en Acapulco, ya&hellip; <\/p>\n","protected":false},"author":1,"featured_media":0,"comment_status":"closed","ping_status":"closed","sticky":false,"template":"","format":"standard","meta":{"fifu_image_url":"","fifu_image_alt":"","footnotes":""},"categories":[8,27],"tags":[],"class_list":["post-6239","post","type-post","status-publish","format-standard","hentry","category-featured","category-seguridad-publica"],"_links":{"self":[{"href":"https:\/\/www.interaccionnoticias.com.mx\/index.php?rest_route=\/wp\/v2\/posts\/6239","targetHints":{"allow":["GET"]}}],"collection":[{"href":"https:\/\/www.interaccionnoticias.com.mx\/index.php?rest_route=\/wp\/v2\/posts"}],"about":[{"href":"https:\/\/www.interaccionnoticias.com.mx\/index.php?rest_route=\/wp\/v2\/types\/post"}],"author":[{"embeddable":true,"href":"https:\/\/www.interaccionnoticias.com.mx\/index.php?rest_route=\/wp\/v2\/users\/1"}],"replies":[{"embeddable":true,"href":"https:\/\/www.interaccionnoticias.com.mx\/index.php?rest_route=%2Fwp%2Fv2%2Fcomments&post=6239"}],"version-history":[{"count":0,"href":"https:\/\/www.interaccionnoticias.com.mx\/index.php?rest_route=\/wp\/v2\/posts\/6239\/revisions"}],"wp:attachment":[{"href":"https:\/\/www.interaccionnoticias.com.mx\/index.php?rest_route=%2Fwp%2Fv2%2Fmedia&parent=6239"}],"wp:term":[{"taxonomy":"category","embeddable":true,"href":"https:\/\/www.interaccionnoticias.com.mx\/index.php?rest_route=%2Fwp%2Fv2%2Fcategories&post=6239"},{"taxonomy":"post_tag","embeddable":true,"href":"https:\/\/www.interaccionnoticias.com.mx\/index.php?rest_route=%2Fwp%2Fv2%2Ftags&post=6239"}],"curies":[{"name":"wp","href":"https:\/\/api.w.org\/{rel}","templated":true}]}}