{"id":6237,"date":"2017-07-07T12:48:38","date_gmt":"2017-07-07T17:48:38","guid":{"rendered":"http:\/\/www.inter-accion.com.mx\/?p=6237"},"modified":"2017-07-07T12:48:38","modified_gmt":"2017-07-07T17:48:38","slug":"rinde-declaracion-el-director-del-penal","status":"publish","type":"post","link":"https:\/\/www.interaccionnoticias.com.mx\/?p=6237","title":{"rendered":"Rinde declaraci\u00f3n el director del penal"},"content":{"rendered":"<p><strong>Esta separado del cargo no destituido<\/strong><br \/>\n<strong>A tres custodios se les imputa homicidio<\/strong><br \/>\n<strong>Acapulco, Gro.-<\/strong> El director del Centro de Reinsercion Social de Las Cruces en Acapulco, Miguel \u00c1ngel G\u00f3mez Gardu\u00f1o esta sujeto a investigaci\u00f3n y ya rindi\u00f3 declaraci\u00f3n ante la Fiscal\u00eda General del Estado.<br \/>\n\u00abLa autoridad penitenciaria est\u00e1 sujeta a investigaci\u00f3n, pero no est\u00e1 separado del cargo.<br \/>\n\u00abYa rindieron declaraci\u00f3n y aportaron m\u00e1s elementos para la carpeta de investigaci\u00f3n\u00bb, dijo el vocero de Seguridad Roberto \u00c1lvarez.<br \/>\nAdem\u00e1s tres custodios de la c\u00e1rcel en Las Cruces, est\u00e1n detenidos y sujetos a investigaci\u00f3n por los delitos de homicidio calificado, tras la multitudinaria muerte ocurrida al interior del reclusorio del puerto.<br \/>\nLos agentes de Seguridad y Custodia se les presume como probables responsables de los hechos que se registraron la madrugada de seis de julio en Acapulco.<br \/>\nEntre estos se mencionan al jefe de \u00e1rea, responden a los nombres de Jos\u00e9 Luis \u00abL\u00bb, Rodoldo \u00abV\u00bb, y Evencio \u00abP\u00bb, quienes se encuentran en el \u00e1rea de seguridad en el sector central.<br \/>\nAunque inicialmente se indic\u00f3 que Gomez Gardu\u00f1o, estaba detenido, las autoridades jur\u00eddicas negaron tal se\u00f1alamiento y solo rindi\u00f3 declaraci\u00f3n.<\/p>\n","protected":false},"excerpt":{"rendered":"<p>Esta separado del cargo no destituido A tres custodios se les imputa homicidio Acapulco, Gro.- El director del Centro de Reinsercion Social de Las Cruces en Acapulco, Miguel \u00c1ngel G\u00f3mez&hellip; <\/p>\n","protected":false},"author":1,"featured_media":0,"comment_status":"closed","ping_status":"closed","sticky":false,"template":"","format":"standard","meta":{"fifu_image_url":"","fifu_image_alt":"","footnotes":""},"categories":[8,27],"tags":[],"class_list":["post-6237","post","type-post","status-publish","format-standard","hentry","category-featured","category-seguridad-publica"],"_links":{"self":[{"href":"https:\/\/www.interaccionnoticias.com.mx\/index.php?rest_route=\/wp\/v2\/posts\/6237","targetHints":{"allow":["GET"]}}],"collection":[{"href":"https:\/\/www.interaccionnoticias.com.mx\/index.php?rest_route=\/wp\/v2\/posts"}],"about":[{"href":"https:\/\/www.interaccionnoticias.com.mx\/index.php?rest_route=\/wp\/v2\/types\/post"}],"author":[{"embeddable":true,"href":"https:\/\/www.interaccionnoticias.com.mx\/index.php?rest_route=\/wp\/v2\/users\/1"}],"replies":[{"embeddable":true,"href":"https:\/\/www.interaccionnoticias.com.mx\/index.php?rest_route=%2Fwp%2Fv2%2Fcomments&post=6237"}],"version-history":[{"count":0,"href":"https:\/\/www.interaccionnoticias.com.mx\/index.php?rest_route=\/wp\/v2\/posts\/6237\/revisions"}],"wp:attachment":[{"href":"https:\/\/www.interaccionnoticias.com.mx\/index.php?rest_route=%2Fwp%2Fv2%2Fmedia&parent=6237"}],"wp:term":[{"taxonomy":"category","embeddable":true,"href":"https:\/\/www.interaccionnoticias.com.mx\/index.php?rest_route=%2Fwp%2Fv2%2Fcategories&post=6237"},{"taxonomy":"post_tag","embeddable":true,"href":"https:\/\/www.interaccionnoticias.com.mx\/index.php?rest_route=%2Fwp%2Fv2%2Ftags&post=6237"}],"curies":[{"name":"wp","href":"https:\/\/api.w.org\/{rel}","templated":true}]}}