{"id":6225,"date":"2017-07-06T19:20:14","date_gmt":"2017-07-07T00:20:14","guid":{"rendered":"http:\/\/www.inter-accion.com.mx\/?p=6225"},"modified":"2017-07-06T19:20:14","modified_gmt":"2017-07-07T00:20:14","slug":"atienden-inundaciones-en-el-municipio-de-tixtla","status":"publish","type":"post","link":"https:\/\/www.interaccionnoticias.com.mx\/?p=6225","title":{"rendered":"Atienden inundaciones en el municipio de Tixtla"},"content":{"rendered":"<p><strong>Ca\u00edda de un \u00e1rbol perjudic\u00f3 la telefon\u00eda dom\u00e9stica y el suministro de energ\u00eda el\u00e9ctrica &nbsp;&nbsp;<\/strong><br \/>\nDe manera emergente, autoridades locales atendieron los da\u00f1os provocados por las lluvias que se generaron durante la jornada del mi\u00e9rcoles, en la cabecera municipal de Tixtla, principalmente en las instalaciones del internado Adolfo Cienfuegos y Camus<br \/>\nV\u00eda comunicado, el ayuntamiento de Tixtla inform\u00f3 que la jornada del mi\u00e9rcoles 5 de junio se registraron lluvias intensas que perjudicaron alinternado \u201cAdolfo Cienfuegos y C\u00e1mus\u201d, as\u00ed como a la Colonia Los Amates, ubicados en la parte norte de la cabecera municipal.<br \/>\nDe acuerdo con el reporte de Protecci\u00f3n civil Municipal, la barranca Tezahuapa se desbord\u00f3, lo que provoc\u00f3 el agua entrar\u00e1 a las instalaciones del internado en el \u00e1rea de primaria, alcanzando una altura de 20 cent\u00edmetros.<br \/>\nEn la colonia Los Amates, agua y lodo entraron en a las viviendas del m\u00f3dulo 3.<br \/>\nEl viento derrumb\u00f3 un \u00e1rbol que colaps\u00f3 los servicios de telefon\u00eda y electricidad, por eso el personal de Protecci\u00f3n civil hizo los trabajos de remoci\u00f3n del \u00e1rbol con la ayuda de motosierras.<br \/>\nEl alcalde Hossein Nabor Guillen y personal del Ayuntamiento brindaron auxilio a los ni\u00f1os del internado, el \u00e1rea m\u00e1s afectada fue la de dormitorios.<br \/>\nSin embargo, el jefe de cabildo sostuvo que no hay hasta el momento personas lesionadas, s\u00f3lo algunos da\u00f1os materiales.&nbsp;<br \/>\nEs&nbsp;segunda ocasi\u00f3n que se presenta una emergencia por desbordamiento de barrancas en el municipio de Tixtla.<br \/>\nEl primer caso se tuvo el s\u00e1bado 24 de junio en un tramo de la barranca Coxtlapa, ante esta situaci\u00f3n se dise\u00f1\u00f3 un Operativo Emergente para auxiliar a la gente en la presente temporada de lluvias, dicho operativo se puso en pr\u00e1ctica la tarde del mi\u00e9rcoles, adem\u00e1s de que se integr\u00f3 un Consejo Municipal de Contingencias.<br \/>\nNo&nbsp;hubo lesionados ni p\u00e9rdidas humanas.<\/p>\n","protected":false},"excerpt":{"rendered":"<p>Ca\u00edda de un \u00e1rbol perjudic\u00f3 la telefon\u00eda dom\u00e9stica y el suministro de energ\u00eda el\u00e9ctrica &nbsp;&nbsp; De manera emergente, autoridades locales atendieron los da\u00f1os provocados por las lluvias que se generaron&hellip; <\/p>\n","protected":false},"author":1,"featured_media":0,"comment_status":"closed","ping_status":"closed","sticky":false,"template":"","format":"standard","meta":{"fifu_image_url":"","fifu_image_alt":"","footnotes":""},"categories":[8,23],"tags":[],"class_list":["post-6225","post","type-post","status-publish","format-standard","hentry","category-featured","category-regionales"],"_links":{"self":[{"href":"https:\/\/www.interaccionnoticias.com.mx\/index.php?rest_route=\/wp\/v2\/posts\/6225","targetHints":{"allow":["GET"]}}],"collection":[{"href":"https:\/\/www.interaccionnoticias.com.mx\/index.php?rest_route=\/wp\/v2\/posts"}],"about":[{"href":"https:\/\/www.interaccionnoticias.com.mx\/index.php?rest_route=\/wp\/v2\/types\/post"}],"author":[{"embeddable":true,"href":"https:\/\/www.interaccionnoticias.com.mx\/index.php?rest_route=\/wp\/v2\/users\/1"}],"replies":[{"embeddable":true,"href":"https:\/\/www.interaccionnoticias.com.mx\/index.php?rest_route=%2Fwp%2Fv2%2Fcomments&post=6225"}],"version-history":[{"count":0,"href":"https:\/\/www.interaccionnoticias.com.mx\/index.php?rest_route=\/wp\/v2\/posts\/6225\/revisions"}],"wp:attachment":[{"href":"https:\/\/www.interaccionnoticias.com.mx\/index.php?rest_route=%2Fwp%2Fv2%2Fmedia&parent=6225"}],"wp:term":[{"taxonomy":"category","embeddable":true,"href":"https:\/\/www.interaccionnoticias.com.mx\/index.php?rest_route=%2Fwp%2Fv2%2Fcategories&post=6225"},{"taxonomy":"post_tag","embeddable":true,"href":"https:\/\/www.interaccionnoticias.com.mx\/index.php?rest_route=%2Fwp%2Fv2%2Ftags&post=6225"}],"curies":[{"name":"wp","href":"https:\/\/api.w.org\/{rel}","templated":true}]}}