{"id":6222,"date":"2017-07-06T18:54:35","date_gmt":"2017-07-06T23:54:35","guid":{"rendered":"http:\/\/www.inter-accion.com.mx\/?p=6222"},"modified":"2017-07-06T18:54:35","modified_gmt":"2017-07-06T23:54:35","slug":"rechazan-en-el-congreso-peticion-de-que-comparezca-el-alcalde-de-chilpancingo","status":"publish","type":"post","link":"https:\/\/www.interaccionnoticias.com.mx\/?p=6222","title":{"rendered":"Rechazan en el Congreso petici\u00f3n de que comparezca el alcalde de Chilpancingo"},"content":{"rendered":"<p>Por mayor\u00eda de votos, el Congreso local rechaz\u00f3 la petici\u00f3n de que se llame a comparecer al alcalde de Chilpancingo, Marco Antonio Leyva Mena.<br \/>\nLa propuesta de acuerdo parlamentario fue llevada a tribuna por el diputado local del PRD, Ernesto Fidel Gonz\u00e1lez P\u00e9rez, quien plante\u00f3 como principal motivaci\u00f3n la firma de un contrato sumamente desventajoso para el municipio con una empresa operadora de parqu\u00edmetros.<br \/>\nLa puesta en funcionamiento de por lo menos mil parqu\u00edmetros en las principales avenidas del primer cuadro de Chilpancingo, hasta el momento solo ha generado complicaciones de tipo econ\u00f3mico para el ayuntamiento, sin embargo, el contrato se mantiene sin que haya mayores cuestionamientos para la empresa.<br \/>\nEl diputado Gonz\u00e1lez P\u00e9rez consider\u00f3 tambi\u00e9n otros aspectos para plantear como necesaria la comparecencia del jefe de cabildo de Chilpancingo, emanado de las filas del PRI.<br \/>\nCit\u00f3 casos como el de la inseguridad, las complicaciones derivadas por la ausencia de un destino final para la canalizaci\u00f3n de la basura que se genera en la ciudad, adem\u00e1s de la inviabilidad de algunas obras.<br \/>\nEl acuerdo parlamentario no gener\u00f3 debate, aunque los diputados de las fracciones parlamentarias del PRI, PVEM y la representaci\u00f3n del PAN evitaron que se aprobara como un asunto de urgente y obvia resoluci\u00f3n.<br \/>\nCon esa votaci\u00f3n, el PRD perdi\u00f3 la oportunidad de llevar a comparecer al primer edil de la capital del estado.<\/p>\n","protected":false},"excerpt":{"rendered":"<p>Por mayor\u00eda de votos, el Congreso local rechaz\u00f3 la petici\u00f3n de que se llame a comparecer al alcalde de Chilpancingo, Marco Antonio Leyva Mena. La propuesta de acuerdo parlamentario fue&hellip; <\/p>\n","protected":false},"author":1,"featured_media":0,"comment_status":"closed","ping_status":"closed","sticky":false,"template":"","format":"standard","meta":{"fifu_image_url":"","fifu_image_alt":"","footnotes":""},"categories":[2,8],"tags":[],"class_list":["post-6222","post","type-post","status-publish","format-standard","hentry","category-congreso","category-featured"],"_links":{"self":[{"href":"https:\/\/www.interaccionnoticias.com.mx\/index.php?rest_route=\/wp\/v2\/posts\/6222","targetHints":{"allow":["GET"]}}],"collection":[{"href":"https:\/\/www.interaccionnoticias.com.mx\/index.php?rest_route=\/wp\/v2\/posts"}],"about":[{"href":"https:\/\/www.interaccionnoticias.com.mx\/index.php?rest_route=\/wp\/v2\/types\/post"}],"author":[{"embeddable":true,"href":"https:\/\/www.interaccionnoticias.com.mx\/index.php?rest_route=\/wp\/v2\/users\/1"}],"replies":[{"embeddable":true,"href":"https:\/\/www.interaccionnoticias.com.mx\/index.php?rest_route=%2Fwp%2Fv2%2Fcomments&post=6222"}],"version-history":[{"count":0,"href":"https:\/\/www.interaccionnoticias.com.mx\/index.php?rest_route=\/wp\/v2\/posts\/6222\/revisions"}],"wp:attachment":[{"href":"https:\/\/www.interaccionnoticias.com.mx\/index.php?rest_route=%2Fwp%2Fv2%2Fmedia&parent=6222"}],"wp:term":[{"taxonomy":"category","embeddable":true,"href":"https:\/\/www.interaccionnoticias.com.mx\/index.php?rest_route=%2Fwp%2Fv2%2Fcategories&post=6222"},{"taxonomy":"post_tag","embeddable":true,"href":"https:\/\/www.interaccionnoticias.com.mx\/index.php?rest_route=%2Fwp%2Fv2%2Ftags&post=6222"}],"curies":[{"name":"wp","href":"https:\/\/api.w.org\/{rel}","templated":true}]}}