{"id":6218,"date":"2017-07-06T18:51:08","date_gmt":"2017-07-06T23:51:08","guid":{"rendered":"http:\/\/www.inter-accion.com.mx\/?p=6218"},"modified":"2017-07-06T18:51:08","modified_gmt":"2017-07-06T23:51:08","slug":"6218","status":"publish","type":"post","link":"https:\/\/www.interaccionnoticias.com.mx\/?p=6218","title":{"rendered":""},"content":{"rendered":"<p>Nombres de los 28 reos asesinados en el penal de Acapulco&#8230; ofrezco una disculpa por publicarlos completos, pero me consta c\u00f3mo las familias estaban desesperadas por saber&#8230; esta fue hecha p\u00fablica por el vicefiscal<\/p>\n<ul>\n<li>Jos\u00e9 Antonio Bonilla<\/li>\n<li>Bernardo Ruiz Chegot<\/li>\n<li>Jos\u00e9 \u00c1ngel Rivera Guti\u00e9rrez<\/li>\n<li>Fortino Roque Mu\u00f1oz<\/li>\n<li>Edson morales Orozco<\/li>\n<li>Erik Daniel Serrano Soto<\/li>\n<li>Uriel Mendoza Barrera<\/li>\n<li>Arturo Ponce de la Rosa<\/li>\n<li>Ricardo Res\u00e9ndiz Hern\u00e1ndez<\/li>\n<li>Alberto Garc\u00eda Florentino<\/li>\n<li>Ces\u00e1reo L\u00f3pez Encarnaci\u00f3n<\/li>\n<li>Cesar Giovani N\u00fa\u00f1ez Segura<\/li>\n<li>Alberto Tonatiuh Ortiz Garc\u00eda<\/li>\n<li>Francisco Guevara Viveros<\/li>\n<li>Miguel \u00c1ngel Hern\u00e1ndez Bautista<\/li>\n<li>Rub\u00e9n Alcocer Ulloa<\/li>\n<li>Dionisio Choro Sim\u00f3n<\/li>\n<li>Ren\u00e9 Brayan Campos Andraca<\/li>\n<li>Ram\u00f3n Petat\u00e1n Liborio<\/li>\n<li>Jos\u00e9 Isidro P\u00e9rez Gonz\u00e1lez<\/li>\n<li>Leonel Radilla Moreno<\/li>\n<li>Eduardo Nava Guti\u00e9rrez<\/li>\n<li>Carlos Abel Alvarado Mu\u00f1oz<\/li>\n<li>Victor Manuel Campos M\u00f3nica<\/li>\n<li>Sa\u00fal Barueta Rosas<\/li>\n<li>Jos\u00e9 Trejo Hern\u00e1ndez<\/li>\n<li>Johnatan Mart\u00ednez Hern\u00e1ndez<\/li>\n<li>Jairo Mart\u00ednez Hern\u00e1ndez<\/li>\n<li>Jorge Barrientos Ortega<\/li>\n<\/ul>\n","protected":false},"excerpt":{"rendered":"<p>Nombres de los 28 reos asesinados en el penal de Acapulco&#8230; ofrezco una disculpa por publicarlos completos, pero me consta c\u00f3mo las familias estaban desesperadas por saber&#8230; esta fue hecha&hellip; <\/p>\n","protected":false},"author":1,"featured_media":0,"comment_status":"closed","ping_status":"closed","sticky":false,"template":"","format":"standard","meta":{"fifu_image_url":"","fifu_image_alt":"","footnotes":""},"categories":[8,27],"tags":[],"class_list":["post-6218","post","type-post","status-publish","format-standard","hentry","category-featured","category-seguridad-publica"],"_links":{"self":[{"href":"https:\/\/www.interaccionnoticias.com.mx\/index.php?rest_route=\/wp\/v2\/posts\/6218","targetHints":{"allow":["GET"]}}],"collection":[{"href":"https:\/\/www.interaccionnoticias.com.mx\/index.php?rest_route=\/wp\/v2\/posts"}],"about":[{"href":"https:\/\/www.interaccionnoticias.com.mx\/index.php?rest_route=\/wp\/v2\/types\/post"}],"author":[{"embeddable":true,"href":"https:\/\/www.interaccionnoticias.com.mx\/index.php?rest_route=\/wp\/v2\/users\/1"}],"replies":[{"embeddable":true,"href":"https:\/\/www.interaccionnoticias.com.mx\/index.php?rest_route=%2Fwp%2Fv2%2Fcomments&post=6218"}],"version-history":[{"count":0,"href":"https:\/\/www.interaccionnoticias.com.mx\/index.php?rest_route=\/wp\/v2\/posts\/6218\/revisions"}],"wp:attachment":[{"href":"https:\/\/www.interaccionnoticias.com.mx\/index.php?rest_route=%2Fwp%2Fv2%2Fmedia&parent=6218"}],"wp:term":[{"taxonomy":"category","embeddable":true,"href":"https:\/\/www.interaccionnoticias.com.mx\/index.php?rest_route=%2Fwp%2Fv2%2Fcategories&post=6218"},{"taxonomy":"post_tag","embeddable":true,"href":"https:\/\/www.interaccionnoticias.com.mx\/index.php?rest_route=%2Fwp%2Fv2%2Ftags&post=6218"}],"curies":[{"name":"wp","href":"https:\/\/api.w.org\/{rel}","templated":true}]}}