{"id":6214,"date":"2017-07-06T17:43:20","date_gmt":"2017-07-06T22:43:20","guid":{"rendered":"http:\/\/www.inter-accion.com.mx\/?p=6214"},"modified":"2017-07-06T17:43:20","modified_gmt":"2017-07-06T22:43:20","slug":"niega-la-crac-que-busque-la-creacion-de-territorios-autonomos-en-guerrero","status":"publish","type":"post","link":"https:\/\/www.interaccionnoticias.com.mx\/?p=6214","title":{"rendered":"Niega la CRAC que busque la creaci\u00f3n de territorios aut\u00f3nomos en Guerrero"},"content":{"rendered":"<p>El coordinador de la Coordinadora Regional de Autoridades Comunitarias (CRAC), Sab\u00e1s Aburto Espinobarros rechaz\u00f3 que el sistema de seguridad y justicia comunitaria pretenda la creaci\u00f3n de territorios aut\u00f3nomos, ya que durante 22 a\u00f1os han coexistido con el sistema de procuraci\u00f3n y administraci\u00f3n de justicia constitucionalmente reconocido, sin que haya conflictos graves.<br \/>\nUna comisi\u00f3n de la CRAC estuvo durante la jornada el jueves en las instalaciones del Congreso local para cabildear su propuesta de adecuaciones a la Ley 701, en materia de derechos y cultura ind\u00edgena.<br \/>\nEn un primer instante dialogaron con los cuatro integrantes de la fracci\u00f3n parlamentaria del PEVM, a quienes les explicaron de manera detallada el contenido de la contrapropuesta que hicieron respecto a la iniciativa del Ejecutivo local.<br \/>\nDespu\u00e9s se encontraron en una mesa de trabajo con diputados del PRD, Movimiento Ciudadano (MC) y Movimiento de Regeneraci\u00f3n Nacional (Morena), quienes se comprometieron a respaldar la propuesta de la CRAC, aunque tambi\u00e9n les hicieron ver que ellos no alcanzan la mayor\u00eda en el Congreso, ya que suman 20 de los 46 integrantes del Congreso de Guerrero.<br \/>\nBajo dicha circunstancia, los diputados identificados con la izquierda partidista, hicieron ver a los consejeros de la CRAC que deben cabildear con los diputados del PVEM, PAN y del PRI, que son los que se han mostrado renuentes a sus propuestas.<br \/>\nAl t\u00e9rmino de las reuniones del jueves, el consejero de la CRAC en San Luis Acatl\u00e1n, Sab\u00e1s Aburto Espinobarros consider\u00f3 que si bien no tienen un ofrecimiento del todo positivo, al menos encontraron una actitud de apertura al dialogo entre sus interlocutores.<br \/>\n\u201cSabemos que no van a ceder en todo, pero por lo menos avanzaremos un poco, para que los derechos de los pueblos ind\u00edgenas, as\u00ed como de la comunidad afro-mexicana adquieran rango constitucional\u201d, anot\u00f3.<br \/>\nEn esta circunstancia, aprovech\u00f3 para aclarar que la propuesta que la coordinadora present\u00f3 al Congreso en torno a la Ley 701, de ninguna manera plantea la creaci\u00f3n de territorios aut\u00f3nomos.<br \/>\nDe hecho, coment\u00f3 que en los 22 a\u00f1os que el sistema comunitario tiene de existencia, no han dejado de funcionar las agencias del Ministerio P\u00fablico ni las demarcaciones judiciales, lo que habla de una pluralidad jur\u00eddica bien llevada.<br \/>\nCon ese tipo de apreciaciones, manifest\u00f3 que hay la confianza de que se podr\u00e1 sensibilizar a varios de los diputados que hasta el momento se resisten a respaldar al sistema comunitario.<br \/>\n&nbsp;&nbsp;&nbsp;&nbsp;<\/p>\n","protected":false},"excerpt":{"rendered":"<p>El coordinador de la Coordinadora Regional de Autoridades Comunitarias (CRAC), Sab\u00e1s Aburto Espinobarros rechaz\u00f3 que el sistema de seguridad y justicia comunitaria pretenda la creaci\u00f3n de territorios aut\u00f3nomos, ya que&hellip; <\/p>\n","protected":false},"author":1,"featured_media":0,"comment_status":"closed","ping_status":"closed","sticky":false,"template":"","format":"standard","meta":{"fifu_image_url":"","fifu_image_alt":"","footnotes":""},"categories":[8,15],"tags":[],"class_list":["post-6214","post","type-post","status-publish","format-standard","hentry","category-featured","category-movimientos-sociales"],"_links":{"self":[{"href":"https:\/\/www.interaccionnoticias.com.mx\/index.php?rest_route=\/wp\/v2\/posts\/6214","targetHints":{"allow":["GET"]}}],"collection":[{"href":"https:\/\/www.interaccionnoticias.com.mx\/index.php?rest_route=\/wp\/v2\/posts"}],"about":[{"href":"https:\/\/www.interaccionnoticias.com.mx\/index.php?rest_route=\/wp\/v2\/types\/post"}],"author":[{"embeddable":true,"href":"https:\/\/www.interaccionnoticias.com.mx\/index.php?rest_route=\/wp\/v2\/users\/1"}],"replies":[{"embeddable":true,"href":"https:\/\/www.interaccionnoticias.com.mx\/index.php?rest_route=%2Fwp%2Fv2%2Fcomments&post=6214"}],"version-history":[{"count":0,"href":"https:\/\/www.interaccionnoticias.com.mx\/index.php?rest_route=\/wp\/v2\/posts\/6214\/revisions"}],"wp:attachment":[{"href":"https:\/\/www.interaccionnoticias.com.mx\/index.php?rest_route=%2Fwp%2Fv2%2Fmedia&parent=6214"}],"wp:term":[{"taxonomy":"category","embeddable":true,"href":"https:\/\/www.interaccionnoticias.com.mx\/index.php?rest_route=%2Fwp%2Fv2%2Fcategories&post=6214"},{"taxonomy":"post_tag","embeddable":true,"href":"https:\/\/www.interaccionnoticias.com.mx\/index.php?rest_route=%2Fwp%2Fv2%2Ftags&post=6214"}],"curies":[{"name":"wp","href":"https:\/\/api.w.org\/{rel}","templated":true}]}}