{"id":6206,"date":"2017-07-06T17:04:24","date_gmt":"2017-07-06T22:04:24","guid":{"rendered":"http:\/\/www.inter-accion.com.mx\/?p=6206"},"modified":"2017-07-06T17:04:24","modified_gmt":"2017-07-06T22:04:24","slug":"rina-en-el-cereso-de-acapulco-deja-28-muertos","status":"publish","type":"post","link":"https:\/\/www.interaccionnoticias.com.mx\/?p=6206","title":{"rendered":"Ri\u00f1a en el Cereso de Acapulco deja 28 muertos"},"content":{"rendered":"<p><br \/>\n<strong>Tambi\u00e9n tres internos m\u00e1s resultaron lesionados<\/strong><br \/>\n<strong>Acapulco, Gro.-<\/strong> Una ri\u00f1a entre grupos antag\u00f3nicos, al interior del M\u00f3dulo de Seguridad del Cereso de Las Cruces en Acapulco, dej\u00f3 un saldo de 28 internos muertos y tres m\u00e1s lesionados.<br \/>\nSe detalla que alrededor de las 04:00 horas las autoridades penitenciarias informaron que se registr\u00f3 una ri\u00f1a entre convictos resultando 28 muertos, cinco de ellos decapitados y tres&nbsp;lesionados, estos \u00faltimos no de gravedad.<br \/>\nEl incidente se inicia por la pugna permanente de grupos contrarios en el interior del penal, inform\u00f3 el portavoz del Grupo de Coordinaci\u00f3n Guerrero (GCG), Roberto \u00c1lvarez Heredia.<br \/>\n\u201cDesde el momento en que el gobernador del estado conoci\u00f3 de los hechos, instruyo la coordinaci\u00f3n entre la Polic\u00eda Estatal y la Fiscal\u00eda General del estado a fin de que se efectuara un operativo e incursionara al interior de este centro de reinserci\u00f3n; por lo que las citadas dependencias tomaron el control de todas las \u00e1reas y m\u00f3dulos del mismo (del M\u00e1xima Seguridad).<br \/>\n\u201cEl operativo contin\u00faa en este momento con la revisi\u00f3n del resto de los m\u00f3dulos (del penal de Acapulco). Elementos de la Fiscal\u00eda realizan trabajos de investigaci\u00f3n y periciales, se est\u00e1n terminando con el levantamiento de los cad\u00e1veres, mismos que ser\u00e1n remitidos al SEMEFO de Acapulco\u201d dijo acompa\u00f1ado por el Fiscal General del Estado Xavier Olea Pel\u00e1ez y el Secretario de Seguridad P\u00fablica de Guerrero, el general de brigada Pedro Almaz\u00e1n.<br \/>\nA\u00f1adi\u00f3 que la recuperaci\u00f3n de los cuerpos se dio en las \u00e1reas del m\u00f3dulo de seguridad del corredor del bloque 1, en el exterior de la cocina, as\u00ed como en el interior de la misma. Tambi\u00e9n se levantaron cad\u00e1veres en el patio del bloque 3 y un \u00faltimo en el \u00e1rea de visitas conyugales.<br \/>\n\u201cEs una indicaci\u00f3n directa del gobernador del estado realizaran las investigaciones correspondientes, para&nbsp; llegar al fondo de los hechos y actuar con todo el peso de la ley contra los responsables de los diversos delitos que se desplegaron en los diferentes hechos; es importante se\u00f1alar que tambi\u00e9n se investigan a todos los servidores p\u00fablicos del sistema penitenciario.<br \/>\n\u201cExpresamos nuestra solidaridad a los familiares de los internos, reprobamos estos hechos de violencia y los lamentamos las p\u00e9rdidas humanas\u201d, dijo y con ello se dio por terminada la conferencia.<\/p>\n","protected":false},"excerpt":{"rendered":"<p>Tambi\u00e9n tres internos m\u00e1s resultaron lesionados Acapulco, Gro.- Una ri\u00f1a entre grupos antag\u00f3nicos, al interior del M\u00f3dulo de Seguridad del Cereso de Las Cruces en Acapulco, dej\u00f3 un saldo de&hellip; <\/p>\n","protected":false},"author":1,"featured_media":0,"comment_status":"closed","ping_status":"closed","sticky":false,"template":"","format":"standard","meta":{"fifu_image_url":"","fifu_image_alt":"","footnotes":""},"categories":[8,27],"tags":[],"class_list":["post-6206","post","type-post","status-publish","format-standard","hentry","category-featured","category-seguridad-publica"],"_links":{"self":[{"href":"https:\/\/www.interaccionnoticias.com.mx\/index.php?rest_route=\/wp\/v2\/posts\/6206","targetHints":{"allow":["GET"]}}],"collection":[{"href":"https:\/\/www.interaccionnoticias.com.mx\/index.php?rest_route=\/wp\/v2\/posts"}],"about":[{"href":"https:\/\/www.interaccionnoticias.com.mx\/index.php?rest_route=\/wp\/v2\/types\/post"}],"author":[{"embeddable":true,"href":"https:\/\/www.interaccionnoticias.com.mx\/index.php?rest_route=\/wp\/v2\/users\/1"}],"replies":[{"embeddable":true,"href":"https:\/\/www.interaccionnoticias.com.mx\/index.php?rest_route=%2Fwp%2Fv2%2Fcomments&post=6206"}],"version-history":[{"count":0,"href":"https:\/\/www.interaccionnoticias.com.mx\/index.php?rest_route=\/wp\/v2\/posts\/6206\/revisions"}],"wp:attachment":[{"href":"https:\/\/www.interaccionnoticias.com.mx\/index.php?rest_route=%2Fwp%2Fv2%2Fmedia&parent=6206"}],"wp:term":[{"taxonomy":"category","embeddable":true,"href":"https:\/\/www.interaccionnoticias.com.mx\/index.php?rest_route=%2Fwp%2Fv2%2Fcategories&post=6206"},{"taxonomy":"post_tag","embeddable":true,"href":"https:\/\/www.interaccionnoticias.com.mx\/index.php?rest_route=%2Fwp%2Fv2%2Ftags&post=6206"}],"curies":[{"name":"wp","href":"https:\/\/api.w.org\/{rel}","templated":true}]}}