{"id":62028,"date":"2023-05-17T15:05:12","date_gmt":"2023-05-17T20:05:12","guid":{"rendered":"https:\/\/interaccionnoticias.com.mx\/?p=62028"},"modified":"2023-05-17T15:05:17","modified_gmt":"2023-05-17T20:05:17","slug":"protestan-productores-agricolas-en-sader-en-exigencia-de-respeto-al-padron-del-programa-de-fertilizante","status":"publish","type":"post","link":"https:\/\/www.interaccionnoticias.com.mx\/?p=62028","title":{"rendered":"Protestan productores agr\u00edcolas en Sader, en exigencia de respeto al padr\u00f3n del Programa de Fertilizante"},"content":{"rendered":"\n<p><strong>Rosario Garc\u00eda Orozco<\/strong><\/p>\n\n\n\n<p><strong>Chilpancingo, Gro., 17 de mayo del 2023.- <\/strong>Campesinos del n\u00facleo agrario de Colombia de Guadalupe, municipio de Malinaltepec, protestaron en las instalaciones de la delegaci\u00f3n de la Secretar\u00eda de Agricultura y Desarrollo Rural (Sader), para exigir respeto al padr\u00f3n de productores beneficiarios del programa de Fertilizante, para el ciclo agr\u00edcola 2023.<\/p>\n\n\n\n<p>Fulgencio Ram\u00edrez Bello, responsable del programa de Fertilizante en el n\u00facleo, inform\u00f3 que fueron dados de baja del Padr\u00f3n de Fertilizante 296 productores que tradicionalmente hab\u00edan recibido ese beneficio desde el 2019, y a otros campesinos les redujeron el apoyo a solo una hect\u00e1rea.<\/p>\n\n\n\n<p>Los inconformes bloquearon la avenida Ruffo Figueroa, y el acceso principal de las oficinas de la SADER, para ejercer presi\u00f3n y que las autoridades federales hagan caso a su demanda.<\/p>\n\n\n\n<p>En la protesta participan campesinos, representantes y delegados de las localidades de Cerro Timbre, Mez\u00f3n de Ixtl\u00e1huac, Espino Blanco, Rayo Alto y Ahuejuyo, pertenecientes al N\u00facleo agrario de Colombia de Guadalupe, del municipio de Malinaltepec, en la regi\u00f3n de La Monta\u00f1a.<\/p>\n\n\n\n<p>Ram\u00edrez Bello insisti\u00f3 en que de manera tradicional, a partir del 2019, que el programa lo absorbi\u00f3 el gobierno federal, el padr\u00f3n incluy\u00f3 a mil 300 beneficiarios, sin embargo en la lista de este a\u00f1o, 296 campesinos quedaron fuera del padr\u00f3n, sin explicaci\u00f3n alguna.<\/p>\n\n\n\n<p>La movilizaci\u00f3n obedece a que desde el pasado 24 de abril, el delegado de la Sader en el estado, Mariano Herrera, ofreci\u00f3 dar una respuesta a la reducci\u00f3n del padr\u00f3n, pero a un mes de distancia, con la distribuci\u00f3n en bodega del insumo y con el inicio de la temporada de lluvias, no tienen una soluci\u00f3n.<\/p>\n\n\n\n<p>Los inconformes advirtieron que cerrar\u00e1n la carretera de Marquelia que comunica a los municipios de la Costa Chica y la Monta\u00f1a, sinsi demanda no es atendida y se les resuelve de manera positiva.<\/p>\n\n\n\n<p>Insistieron en la incorporaci\u00f3n de sus 296 compa\u00f1eros en el padr\u00f3n de fertilizante, o de lo contraron van a retener tambi\u00e9n los trailers que circulan por La Monta\u00f1a y la Costa Chica, que trasladan el fertilizante como medida de presi\u00f3n, para que les resuelvan su demanda las autoridades federales.<\/p>\n","protected":false},"excerpt":{"rendered":"<p>Rosario Garc\u00eda Orozco Chilpancingo, Gro., 17 de mayo del 2023.- Campesinos del n\u00facleo agrario de Colombia de Guadalupe, municipio de Malinaltepec, protestaron en las instalaciones de la delegaci\u00f3n de la&hellip; <\/p>\n","protected":false},"author":14,"featured_media":62029,"comment_status":"open","ping_status":"open","sticky":false,"template":"","format":"standard","meta":{"fifu_image_url":"","fifu_image_alt":"","footnotes":""},"categories":[11],"tags":[],"class_list":["post-62028","post","type-post","status-publish","format-standard","has-post-thumbnail","hentry","category-guerrero"],"_links":{"self":[{"href":"https:\/\/www.interaccionnoticias.com.mx\/index.php?rest_route=\/wp\/v2\/posts\/62028","targetHints":{"allow":["GET"]}}],"collection":[{"href":"https:\/\/www.interaccionnoticias.com.mx\/index.php?rest_route=\/wp\/v2\/posts"}],"about":[{"href":"https:\/\/www.interaccionnoticias.com.mx\/index.php?rest_route=\/wp\/v2\/types\/post"}],"author":[{"embeddable":true,"href":"https:\/\/www.interaccionnoticias.com.mx\/index.php?rest_route=\/wp\/v2\/users\/14"}],"replies":[{"embeddable":true,"href":"https:\/\/www.interaccionnoticias.com.mx\/index.php?rest_route=%2Fwp%2Fv2%2Fcomments&post=62028"}],"version-history":[{"count":1,"href":"https:\/\/www.interaccionnoticias.com.mx\/index.php?rest_route=\/wp\/v2\/posts\/62028\/revisions"}],"predecessor-version":[{"id":62030,"href":"https:\/\/www.interaccionnoticias.com.mx\/index.php?rest_route=\/wp\/v2\/posts\/62028\/revisions\/62030"}],"wp:featuredmedia":[{"embeddable":true,"href":"https:\/\/www.interaccionnoticias.com.mx\/index.php?rest_route=\/wp\/v2\/media\/62029"}],"wp:attachment":[{"href":"https:\/\/www.interaccionnoticias.com.mx\/index.php?rest_route=%2Fwp%2Fv2%2Fmedia&parent=62028"}],"wp:term":[{"taxonomy":"category","embeddable":true,"href":"https:\/\/www.interaccionnoticias.com.mx\/index.php?rest_route=%2Fwp%2Fv2%2Fcategories&post=62028"},{"taxonomy":"post_tag","embeddable":true,"href":"https:\/\/www.interaccionnoticias.com.mx\/index.php?rest_route=%2Fwp%2Fv2%2Ftags&post=62028"}],"curies":[{"name":"wp","href":"https:\/\/api.w.org\/{rel}","templated":true}]}}