{"id":62025,"date":"2023-05-17T14:59:27","date_gmt":"2023-05-17T19:59:27","guid":{"rendered":"https:\/\/interaccionnoticias.com.mx\/?p=62025"},"modified":"2023-05-17T14:59:27","modified_gmt":"2023-05-17T19:59:27","slug":"la-lluvia-y-un-hombre-que-recogia-botes-claves-para-localizar-el-cuerpo-de-lesly","status":"publish","type":"post","link":"https:\/\/www.interaccionnoticias.com.mx\/?p=62025","title":{"rendered":"La lluvia y un hombre que recog\u00eda botes, claves para localizar el cuerpo de Lesly"},"content":{"rendered":"\n<p><em><strong>&#8212; Mario Vergara, fundador de \u201cLos otros desaparecidos\u201d se\u00f1ala que el cuerpo de la joven fue descubierto por pobladores y no por los operativos de las autoridades<\/strong><\/em><\/p>\n\n\n\n<p><strong>Jes\u00fas Dorantes<\/strong><\/p>\n\n\n\n<p><strong>Chilpancingo, Gro.-<\/strong> La joven Lesly Mart\u00ednez Col\u00edn fue sepultada entre maleza y piedras por su asesino, Mario Vergara Hern\u00e1ndez -quien localiz\u00f3 el cuerpo tras recibir un reporte an\u00f3nimo-, asegura que tras una fuerte lluvia qued\u00f3 al descubierto en un zona que ya hab\u00eda sido recorrida por las fiscal\u00edas de la Ciudad de M\u00e9xico y del estado de Guerrero.<\/p>\n\n\n\n<p>Entrevistado v\u00eda telef\u00f3nica, Vergara Hern\u00e1ndez relat\u00f3 que recibi\u00f3 un reporte an\u00f3nimo el d\u00eda martes 16 de mayo del a\u00f1o en curso, aproximadamente a las 15 horas, relacionado con el supuesto hallazgo del cuerpo de una joven.<\/p>\n\n\n\n<p>Inmediatamente busc\u00f3 a las personas que vieron el cuerpo, mismas que por miedo, de primera instancia no quer\u00edan acudir de nueva cuenta a la zona.<\/p>\n\n\n\n<p>\u201cSe trata de un hombre que recoge botes para ganarse la vida, \u00e9l estaba por levantar una lata cuando se top\u00f3 con los talones de Lesly\u201d, se\u00f1ala.<\/p>\n\n\n\n<p>Luego de llegar al punto del hallazgo, que se encuentra ubicado a cuatro metros de la Autopista del Sol, en el poblado de San Miguel de las Palmas, municipio de Huitzuco, pudo observar por primera vez el cuerpo de la joven de 30 a\u00f1os de edad, que fue declarada como desaparecida el pasado 30 de abril.<\/p>\n\n\n\n<p>\u201cEl cuerpo de la muchacha se encontraba en estado de descomposici\u00f3n, todav\u00eda entero y boca abajo, lo \u00fanico que alcance a ver es el cabello rojo\u201d, relat\u00f3 Vergara Hern\u00e1ndez.<\/p>\n\n\n\n<p>Entrevistando a pobladores de San Miguel de las Palmas, pudo enterarse que un d\u00eda antes, personal de la Fiscal\u00eda de la Ciudad de M\u00e9xico y de Guerrero estuvieron buscando a una muchacha de nombre Lesly, por lo que admite que ya las autoridades hab\u00edan trabajado en la zona, pero no tuvieron \u00e9xito.<\/p>\n\n\n\n<p>Al buscar m\u00e1s informaci\u00f3n con los lugare\u00f1os, le informaron que 48 horas antes hab\u00eda ca\u00eddo una lluvia muy fuerte, lo que provoc\u00f3 que en el lugar d\u00f3nde se encontraba Lesly \u201ccorriera mucha agua, misma agua que destap\u00f3 el cuerpo\u201d.<\/p>\n\n\n\n<p>Al acudir al punto, Mario Vergara logr\u00f3 identificar que cerca del cuerpo y todav\u00eda sobre \u00e9l hab\u00eda varias rocas y maleza, por lo que anot\u00f3: \u201cSe ve que la persona que hizo esto la lleno de maleza y le echo piedras, el cuerpo ten\u00eda muchas piedras encima, pero la fuerza del agua deslavo y descubri\u00f3 gran parte del cuerpo\u201d.<\/p>\n\n\n\n<p>A este hecho lo consider\u00f3 no solo como una coincidencia, ya que son varios los factores que permitieron la localizaci\u00f3n de la joven originaria de la Ciudad de M\u00e9xico.<\/p>\n\n\n\n<p>\u201cYo a esto le llamo un milagro porque no hubi\u00e9ramos podido encontrar esta persona si no fuera por la persona que fue al campo, pero adem\u00e1s porque llovi\u00f3 en esos d\u00edas\u201d.<\/p>\n\n\n\n<p>Tambi\u00e9n asegur\u00f3 que el cuerpo se encontraba en un \u00e1rea sola, fresca y cercana a la sombra de un \u00e1rbol, lo que permiti\u00f3 que se conservara entero el cuerpo.<\/p>\n\n\n\n<p>\u201cEra un lugar muy solo y fresco por lo que el cuerpo dur\u00f3 mucho sin que se lo comieran los animales, pero ya estaba hinchado, casi apunto de reventar en alguna partes\u201d.<\/p>\n\n\n\n<p>\u201cLas autoridades me acusaron de quitarles cuerpo y ensuciar la zona del crimen\u201d<\/p>\n\n\n\n<p>Tras alertar al Centro de Derechos Humanos de la Monta\u00f1a y otros colectivos, Mario espero la llegada de las autoridades a las 17:00 horas, con disposici\u00f3n para colaborar.<\/p>\n\n\n\n<p>Al sitio llegaron elementos de la Fiscal\u00eda General del Estado (FGE) de Guerrero y de la Ciudad de M\u00e9xico.<\/p>\n\n\n\n<p>La rapidez con la que acudieron, de acuerdo con Mario Vergara, se debe a que se trataba de un caso medi\u00e1tico.<\/p>\n\n\n\n<p>Sin embargo, no dej\u00f3 de mencionar que nuevamente recibi\u00f3 reclamos por \u201calterar la escena del crimen y con ello afectar las investigaciones y quitarles cuerpos a las autoridades\u201d.<\/p>\n\n\n\n<p>A pesar de que la FGE tiene protocolos que han advertido que en diferentes ocasiones son violados por los Colectivos de B\u00fasqueda de Personas, en el caso de Lesly, Vergara Hern\u00e1ndez denunci\u00f3 que no se subieron como lo se\u00f1alan las autoridades, que se ve\u00eda m\u00e1s un inter\u00e9s por confirmar que era la joven desaparecida para anunciarlo.<\/p>\n\n\n\n<p>Tambi\u00e9n se\u00f1al\u00f3 que en los comunicados oficiales del d\u00eda martes, no se puntualiz\u00f3 que el hallazgo se dio por el reporte ciudadano, pues el operativo de b\u00fasqueda ya se hab\u00eda realizado en el lugar sin obtener resultados.<\/p>\n\n\n\n<p>Mario Vergara Hern\u00e1ndez es fundador de \u201cLos Otros Desaparecidos\u201d, organizaci\u00f3n creada en Iguala de la Independencia en el a\u00f1o 2014, tras la desaparici\u00f3n de los 43 estudiantes de la. Normal Rural de Iguala, pero con la intenci\u00f3n de captar la atenci\u00f3n de las autoridades para buscar a m\u00e1s v\u00edctimas de desaparici\u00f3n forzada en la regi\u00f3n Norte de la entidad.<\/p>\n\n\n\n<p>En su caso, busca a su hermano Tom\u00e1s, quien se encuentra desaparecido desde el 5 de julio de 2012.<\/p>\n","protected":false},"excerpt":{"rendered":"<p>&#8212; Mario Vergara, fundador de \u201cLos otros desaparecidos\u201d se\u00f1ala que el cuerpo de la joven fue descubierto por pobladores y no por los operativos de las autoridades Jes\u00fas Dorantes Chilpancingo,&hellip; <\/p>\n","protected":false},"author":8,"featured_media":62026,"comment_status":"open","ping_status":"open","sticky":false,"template":"","format":"standard","meta":{"fifu_image_url":"","fifu_image_alt":"","footnotes":""},"categories":[29],"tags":[],"class_list":["post-62025","post","type-post","status-publish","format-standard","has-post-thumbnail","hentry","category-sociedad"],"_links":{"self":[{"href":"https:\/\/www.interaccionnoticias.com.mx\/index.php?rest_route=\/wp\/v2\/posts\/62025","targetHints":{"allow":["GET"]}}],"collection":[{"href":"https:\/\/www.interaccionnoticias.com.mx\/index.php?rest_route=\/wp\/v2\/posts"}],"about":[{"href":"https:\/\/www.interaccionnoticias.com.mx\/index.php?rest_route=\/wp\/v2\/types\/post"}],"author":[{"embeddable":true,"href":"https:\/\/www.interaccionnoticias.com.mx\/index.php?rest_route=\/wp\/v2\/users\/8"}],"replies":[{"embeddable":true,"href":"https:\/\/www.interaccionnoticias.com.mx\/index.php?rest_route=%2Fwp%2Fv2%2Fcomments&post=62025"}],"version-history":[{"count":1,"href":"https:\/\/www.interaccionnoticias.com.mx\/index.php?rest_route=\/wp\/v2\/posts\/62025\/revisions"}],"predecessor-version":[{"id":62027,"href":"https:\/\/www.interaccionnoticias.com.mx\/index.php?rest_route=\/wp\/v2\/posts\/62025\/revisions\/62027"}],"wp:featuredmedia":[{"embeddable":true,"href":"https:\/\/www.interaccionnoticias.com.mx\/index.php?rest_route=\/wp\/v2\/media\/62026"}],"wp:attachment":[{"href":"https:\/\/www.interaccionnoticias.com.mx\/index.php?rest_route=%2Fwp%2Fv2%2Fmedia&parent=62025"}],"wp:term":[{"taxonomy":"category","embeddable":true,"href":"https:\/\/www.interaccionnoticias.com.mx\/index.php?rest_route=%2Fwp%2Fv2%2Fcategories&post=62025"},{"taxonomy":"post_tag","embeddable":true,"href":"https:\/\/www.interaccionnoticias.com.mx\/index.php?rest_route=%2Fwp%2Fv2%2Ftags&post=62025"}],"curies":[{"name":"wp","href":"https:\/\/api.w.org\/{rel}","templated":true}]}}