{"id":62002,"date":"2023-05-16T21:36:31","date_gmt":"2023-05-17T02:36:31","guid":{"rendered":"https:\/\/interaccionnoticias.com.mx\/?p=62002"},"modified":"2023-05-16T21:36:36","modified_gmt":"2023-05-17T02:36:36","slug":"necesario-que-se-consolide-la-alianza-va-por-mexico-para-la-eleccion-del-2024","status":"publish","type":"post","link":"https:\/\/www.interaccionnoticias.com.mx\/?p=62002","title":{"rendered":"Necesario que se consolide la alianza \u00abVa por M\u00e9xico\u00bb, para la elecci\u00f3n del 2024"},"content":{"rendered":"\n<p><strong>Rosario Garc\u00eda Orozco<\/strong><\/p>\n\n\n\n<p><strong>Chilpancingo, Gro., 16 de mayo del 2024.-<\/strong> El excandidato de la alianza PRI-PRD a la gobernatura del estado, Mario Moreno Arcos, consider\u00f3 que conforme concluya el proceso electoral en el Estado de M\u00e9xico y Coahuila, los partidos pol\u00edticos opositores, \u00abtienen que aplicarse y empezar a trabajar en la alianza\u00bb.<\/p>\n\n\n\n<p>Dijo que hasta donde tiene conocimiento se lleva un avance del 50 por ciento en los acuerdos entre las dirigencias nacionales de los partidos pol\u00edticos PRI, PAN y PRD para impulsar un candidato en com\u00fan para los comicios presidenciales, pero que la alianza debe concretarse a la brevedad y fortalecerse si es posible.<\/p>\n\n\n\n<p>Record\u00f3 que el 2 de junio de 2024, 30 de las 32 entidades federativas vivir\u00e1n un proceso electoral local, adem\u00e1s de la elecci\u00f3n presidencial, la renovaci\u00f3n de los Congresos locales y la elecci\u00f3n de las autoridades municipales.<\/p>\n\n\n\n<p>Dijo que \u00abpasado el proceso electoral en el estado de M\u00e9xico y en Coahuila, los partidos pol\u00edticos tienen que aplicarse y empezar a trabajar esa alianza, y que permitan fortalecerla, yo creo que debe haber disposici\u00f3n de los dirigentes nacionales a efecto de poderla consolidar\u00bb.<\/p>\n\n\n\n<p>Moreno Arcos sostuvo que las dirigencias de los partidos pol\u00edticos que impulsan una alianza \u00abnatural\u00bb, PRI-PAN-PRD, reflejan un avance importante, dijo. \u00abPero la idea es incorporar al MC (Movimiento Ciudadano), y desde luego al grueso de la poblaci\u00f3n\u00bb.<\/p>\n\n\n\n<p>Confi\u00f3 en que la alianza que se consolid\u00f3 en el estado de M\u00e9xico, dar\u00e1 buenos resultados, en los comicios del pr\u00f3ximo 4 de junio, pese a que se ha convertido en una \u00abelecci\u00f3n de estado\u00bb, por la presencia de funcionarios estatales en d\u00edas laborables, en alusi\u00f3n al jefe de oficina de la gobernadora Evelyn Salgado Pineda, Jes\u00fas Uri\u00f3stegui, quien fue evidenciado por acudir en d\u00eda laboral a un evento de campa\u00f1a de la candidata a gobernadora por ese estado, Delfina G\u00f3mez.<\/p>\n\n\n\n<p>Adem\u00e1s, reprob\u00f3 la inversi\u00f3n en p\u00fablicos cautivos por los programas federales a su favor, pero se dijo convencido de que \u00ablos mexiquense har\u00e1n su labor de conciencia\u00bb.<\/p>\n\n\n\n<p>El tambi\u00e9n ex diputado federal sostuvo que el presidente Andr\u00e9s Manuel L\u00f3pez Obrador, ha ocupado el lugar del dirigente de Morena, \u00abha reiterado su inter\u00e9s de tener el control total de las c\u00e1maras legislativas a afecto de lograr sus reformas, claro que de manera permanente incurre en delitos electorales, y no podemos permitir que Morena se apropie de este pa\u00eds\u00bb.<\/p>\n\n\n\n<p>Finalmente, calific\u00f3 a L\u00f3pez Obrador como un personaje pol\u00edtico \u00abloco de poder m\u00e1s all\u00e1 de enfermo, ya perdi\u00f3 la raz\u00f3n, est\u00e1 obsecionado con imponernos a alguien a la presidencia de la Rep\u00fablica a efecto de un maximato\u00bb.<\/p>\n","protected":false},"excerpt":{"rendered":"<p>Rosario Garc\u00eda Orozco Chilpancingo, Gro., 16 de mayo del 2024.- El excandidato de la alianza PRI-PRD a la gobernatura del estado, Mario Moreno Arcos, consider\u00f3 que conforme concluya el proceso&hellip; <\/p>\n","protected":false},"author":14,"featured_media":62003,"comment_status":"open","ping_status":"open","sticky":false,"template":"","format":"standard","meta":{"fifu_image_url":"","fifu_image_alt":"","footnotes":""},"categories":[21],"tags":[],"class_list":["post-62002","post","type-post","status-publish","format-standard","has-post-thumbnail","hentry","category-politica"],"_links":{"self":[{"href":"https:\/\/www.interaccionnoticias.com.mx\/index.php?rest_route=\/wp\/v2\/posts\/62002","targetHints":{"allow":["GET"]}}],"collection":[{"href":"https:\/\/www.interaccionnoticias.com.mx\/index.php?rest_route=\/wp\/v2\/posts"}],"about":[{"href":"https:\/\/www.interaccionnoticias.com.mx\/index.php?rest_route=\/wp\/v2\/types\/post"}],"author":[{"embeddable":true,"href":"https:\/\/www.interaccionnoticias.com.mx\/index.php?rest_route=\/wp\/v2\/users\/14"}],"replies":[{"embeddable":true,"href":"https:\/\/www.interaccionnoticias.com.mx\/index.php?rest_route=%2Fwp%2Fv2%2Fcomments&post=62002"}],"version-history":[{"count":1,"href":"https:\/\/www.interaccionnoticias.com.mx\/index.php?rest_route=\/wp\/v2\/posts\/62002\/revisions"}],"predecessor-version":[{"id":62004,"href":"https:\/\/www.interaccionnoticias.com.mx\/index.php?rest_route=\/wp\/v2\/posts\/62002\/revisions\/62004"}],"wp:featuredmedia":[{"embeddable":true,"href":"https:\/\/www.interaccionnoticias.com.mx\/index.php?rest_route=\/wp\/v2\/media\/62003"}],"wp:attachment":[{"href":"https:\/\/www.interaccionnoticias.com.mx\/index.php?rest_route=%2Fwp%2Fv2%2Fmedia&parent=62002"}],"wp:term":[{"taxonomy":"category","embeddable":true,"href":"https:\/\/www.interaccionnoticias.com.mx\/index.php?rest_route=%2Fwp%2Fv2%2Fcategories&post=62002"},{"taxonomy":"post_tag","embeddable":true,"href":"https:\/\/www.interaccionnoticias.com.mx\/index.php?rest_route=%2Fwp%2Fv2%2Ftags&post=62002"}],"curies":[{"name":"wp","href":"https:\/\/api.w.org\/{rel}","templated":true}]}}