{"id":61996,"date":"2023-05-16T21:30:19","date_gmt":"2023-05-17T02:30:19","guid":{"rendered":"https:\/\/interaccionnoticias.com.mx\/?p=61996"},"modified":"2023-05-16T21:30:24","modified_gmt":"2023-05-17T02:30:24","slug":"en-la-tribuna-del-congreso-se-da-a-conocer-la-renuncia-del-jefe-de-la-oficina-de-la-gobernadora-de-guerrero","status":"publish","type":"post","link":"https:\/\/www.interaccionnoticias.com.mx\/?p=61996","title":{"rendered":"En la tribuna del Congreso, se da a conocer la renuncia del jefe de la oficina de la gobernadora de Guerrero"},"content":{"rendered":"\n<p><strong><em>&#8212; El coordinador de los diputados del PRI, H\u00e9ctor Apreza Patr\u00f3n cuestion\u00f3 la participaci\u00f3n de Jes\u00fas Uri\u00f3stegui Garc\u00eda en acto de campa\u00f1a de Delfina G\u00f3mez<br>&#8212; Joaqu\u00edn Badillo, de MORENA dio a conocer la renuncia presentada el 9 de mayo<br>&#8212; Hasta el Morenista Alfredo S\u00e1nchez cuestion\u00f3 el hecho<\/em><\/strong><\/p>\n\n\n\n<p><strong>Rogelio Agust\u00edn<\/strong><\/p>\n\n\n\n<p>En la tribuna del Congreso local, el diputado Joaqu\u00edn Badillo Escamilla revel\u00f3 la renuncia de Jes\u00fas Eugenio Uri\u00f3stegui Garc\u00eda a su responsabilidad como jefe de la oficina de la gobernadora Evelyn Salgado Pineda, cinco d\u00edas despu\u00e9s de que se le exhibiera en un mitin de campa\u00f1a de Delfina G\u00f3mez, candidata de MORENA a la gubernatura del Estado de M\u00e9xico.<\/p>\n\n\n\n<p>La renuncia del jefe de la oficina de la Salgado Pineda, de acuerdo con un oficio le\u00eddo por el diputado Badillo Escamilla se redact\u00f3 y present\u00f3 desde el pasado 9 de mayo, pero hasta la jornada de este martes 17 no se hab\u00eda dado a conocer p\u00fablicamente.<\/p>\n\n\n\n<p>\u201cLas actividades y acciones de los servidores p\u00fablicos deben ser p\u00fablicos, no actuar por debajo del agua\u201d, reconvino en su momento el coordinador del grupo parlamentario del PRI, H\u00e9ctor Apreza Patr\u00f3n, luego de reprochar en tribuna, el hecho de que el funcionario de primer nivel dejara sus responsabilidades en Guerrero, para irse a realizar campa\u00f1a en el Estado de M\u00e9xico.<\/p>\n\n\n\n<p><strong>No le ayudan a la gobernadora<\/strong><\/p>\n\n\n\n<p>En un primer momento, el coordinador de los diputados del PRI, H\u00e9ctor Apreza Patr\u00f3n hizo uso de la palabra para hablar sobre el hecho registrado el jueves 11 de mayo en el Estado de M\u00e9xico, cuando el jefe de la oficina de la gobernadora acudi\u00f3 a un acto de campa\u00f1a de Delfina G\u00f3mez, en d\u00eda y horario laboral.<\/p>\n\n\n\n<p>Precis\u00f3 que su denuncia no estaba sustentada solo en lo publicado en peri\u00f3dicos, tambi\u00e9n al revisar la p\u00e1gina personal del funcionario de referencia.<\/p>\n\n\n\n<p>Record\u00f3 que el propio presidente de la Rep\u00fablica, Andr\u00e9s Manuel L\u00f3pez Obrador ha se\u00f1alado que todos los servidores deben respetar la ley, no aprovecharse de los recursos que dan los espacios p\u00fablicos para tratar de inclinar la balanza.<\/p>\n\n\n\n<p>Esa postura ha sido replicada por la propia gobernadora de Guerrero.<\/p>\n\n\n\n<p>\u201cPor eso nos llam\u00f3 la atenci\u00f3n \u00bfQu\u00e9 hacia el jefe de la oficina en un evento publico y en un d\u00eda h\u00e1bil? Pudo promover un escrito para ausentarse, costear el mismo los costos del viaje, pero no es suficiente, se debe respetar la ley\u201d, anot\u00f3 el representante popular.<\/p>\n\n\n\n<p>Apreza indic\u00f3 que existen l\u00edmites marcados claramente por la constituci\u00f3n y las leyes en materia electoral, que se\u00f1alan claramente que los funcionarios p\u00fablicos no se deben involucrar en eventos de proselitismo, en d\u00edas y horas laborales.<\/p>\n\n\n\n<p>Reconoci\u00f3 que se puede manejar que se trata de un tema que se est\u00e1 partidizando, pero anot\u00f3 que lo que estaba exponiendo era un caso concreto.<\/p>\n\n\n\n<p>\u201cGuerrero es un estado con graves problemas, que est\u00e1 en la adversidad y con escasez de recursos, la gobernadora hace lo necesario por generar armon\u00eda, por eso no es normal que con todo un mar de trabajo, de repente hay un servidor publico de primer nivel que se va todo un d\u00eda a hacer proselitismo\u201d.<\/p>\n\n\n\n<p>El perredista Ociel Hugar Trujillo solicit\u00f3 la palabra para se\u00f1alar que existe jurisprudencia sobre el tema, la que en t\u00e9rminos concretos establece que \u201clos servidores p\u00fablicos deben abstenerse de acudir a eventos proselitistas en d\u00edas h\u00e1biles\u201d.<\/p>\n\n\n\n<p>Reconoci\u00f3 que cuando se pertenece a un partido se tiene el inter\u00e9s de ayudarlo, pero insisti\u00f3 en que se debe respetar lo que establece la ley.<\/p>\n\n\n\n<p>\u201cSe avecinan tiempos electorales, eso lo que provoca es que cada quien haga lo que quiera y en su momento, que las autoridades sean omisas. No debemos dejar que eso pase\u201d.<\/p>\n\n\n\n<p>Incluso, el Morenista Alfredo S\u00e1nchez Esquivel, ex presidente de la Junta de Coordinaci\u00f3n Pol\u00edtica (JUCOPO) solicit\u00f3 la palabra para hablar de piso parejo, de respeto a la ley, pero tambi\u00e9n para se\u00f1alar que \u201cquien quiera estar en campa\u00f1a que renuncie\u201d.<\/p>\n\n\n\n<p>Tambi\u00e9n se\u00f1al\u00f3 que hacer campa\u00f1a en horarios no laborales puede ser legal, pero resulta inmoral, pues \u201cGuerrero no est\u00e1 para tener funcionarios temporaleros\u201d.<\/p>\n\n\n\n<p>Manifest\u00f3 su respeto para la gobernadora Salgado Pineda, pero advirti\u00f3: \u201cSi un funcionario se est\u00e1 sirviendo del presupuesto para un tema determinado, pues no lo compartimos\u201d.<\/p>\n\n\n\n<p><strong>Badillo \u201crevela\u201d la renuncia<\/strong><\/p>\n\n\n\n<p>En su oportunidad, el morenista Joaqu\u00edn Badillo sostuvo que tanto el presidente L\u00f3pez Obrador, como la gobernadora Evelyn Salgado Pineda son respetuosos de la ley, por lo que de manera recurrente llaman a sus colaboradores a hacer lo mismo.<\/p>\n\n\n\n<p>Calific\u00f3 la intervenci\u00f3n del l\u00edder de los diputados del PRI, como un acto encaminado a generar pol\u00e9mica, derivado del proceso electoral que est\u00e1 en curso en Edomex.<\/p>\n\n\n\n<p>Recomend\u00f3 que los legisladores, antes de hacer uso de la palabra para fijar alg\u00fan posicionamiento, procuren estar bien informados del tema que van a tratar, \u201cpara que no se polarice, malinterprete y no se mal informe\u201d.<\/p>\n\n\n\n<p>Llam\u00f3 a estar bien informado de lo que pasa en el Gobierno y luego dijo tener una prueba fidedigna de que la participaci\u00f3n de Uri\u00f3stegui Garc\u00eda en la campa\u00f1a de Delfina G\u00f3mez no representa ninguna agravante.<\/p>\n\n\n\n<p>De acuerdo con el aspirante a la alcald\u00eda de Acapulco, la renuncia se present\u00f3 el 9 de mayo pasado y estuvo firmada en Chilpancingo.<\/p>\n\n\n\n<p>El texto que hasta el momento de la sesi\u00f3n era desconocido, dice lo siguiente:<\/p>\n\n\n\n<p>\u201c Por medio del presente escrito, me permito presentar a usted mi renuncia voluntaria al cargo de jefe de oficina de la gubernatura del Estado, que ser\u00e1 efectiva a partir del 9 de mayo de 2023\u201d.<\/p>\n\n\n\n<p>\u201cLo anterior, porque estoy convencido del proyecto de la Cuarta Transformaci\u00f3n, es por ello que he decidido sumarme a todos los esfuerzos en apoyo para la continuidad de este, con la firme intenci\u00f3n de ser un aliado de las mujeres y del presidente Andr\u00e9s Manuel L\u00f3pez Obrador, el mejor presidente que ha tenido M\u00e9xico\u201d.<\/p>\n\n\n\n<p>Cierra con la frase: \u201cCon el pueblo todo, sin el pueblo nada\u201d.<\/p>\n\n\n\n<p>Enseguida manifiesta su agradecimiento a la gobernadora Evelyn Salgado y firma: Jes\u00fas Eugenio Uri\u00f3stegui Garc\u00eda.<\/p>\n\n\n\n<p>Badillo Escamilla termin\u00f3 de leer el documento y sostuvo: \u201cNo hay nada m\u00e1s que hablar\u201d, acto seguido abandon\u00f3 la tribuna con una expresi\u00f3n triunfal.<\/p>\n\n\n\n<p><strong>Las renuncias de los servidores p\u00fablicos, se hacen p\u00fablicos<\/strong><\/p>\n\n\n\n<p>El diputado Apreza solicit\u00f3 nuevamente la tribuna para hacer la observaci\u00f3n de que se tiene un acceso a informaci\u00f3n privilegiada, ya que la renuncia no hab\u00eda trascendido hasta el momento del debate.<\/p>\n\n\n\n<p>Sin embargo anot\u00f3: \u201cEn los puestos p\u00fablicos, las renuncias de los servidores p\u00fablicos se hacen publicas, no se hacen por debajo del agua\u201d.<\/p>\n\n\n\n<p>Indic\u00f3 que cada que hace uso de la palabra se comporta con responsabilidad y respeto, por lo que solicit\u00f3 que ese trato se le d\u00e9.<\/p>\n\n\n\n<p>Indic\u00f3 adem\u00e1s, que hasta este martes, en la p\u00e1gina oficial del Gobierno de Guerrero, Jes\u00fas Uri\u00f3stegui todav\u00eda aparece como titular de la oficina de la gobernadora.<\/p>\n\n\n\n<div class=\"wp-block-jetpack-slideshow aligncenter\" data-effect=\"slide\"><div class=\"wp-block-jetpack-slideshow_container swiper-container\"><ul class=\"wp-block-jetpack-slideshow_swiper-wrapper swiper-wrapper\"><li class=\"wp-block-jetpack-slideshow_slide swiper-slide\"><figure><img decoding=\"async\" src=\"data:image\/gif;base64,R0lGODlhAQABAIAAAAAAAP\/\/\/ywAAAAAAQABAAACAUwAOw==\" fifu-lazy=\"1\" fifu-data-sizes=\"auto\" fifu-data-srcset=\"https:\/\/i0.wp.com\/interaccionnoticias.com.mx\/wp-content\/uploads\/2023\/05\/230516-Alfredo-Sanchez-Esquivel-1024x683.jpg?ssl=1&w=75&resize=75&ssl=1 75w, https:\/\/i0.wp.com\/interaccionnoticias.com.mx\/wp-content\/uploads\/2023\/05\/230516-Alfredo-Sanchez-Esquivel-1024x683.jpg?ssl=1&w=100&resize=100&ssl=1 100w, https:\/\/i0.wp.com\/interaccionnoticias.com.mx\/wp-content\/uploads\/2023\/05\/230516-Alfredo-Sanchez-Esquivel-1024x683.jpg?ssl=1&w=150&resize=150&ssl=1 150w, https:\/\/i0.wp.com\/interaccionnoticias.com.mx\/wp-content\/uploads\/2023\/05\/230516-Alfredo-Sanchez-Esquivel-1024x683.jpg?ssl=1&w=240&resize=240&ssl=1 240w, https:\/\/i0.wp.com\/interaccionnoticias.com.mx\/wp-content\/uploads\/2023\/05\/230516-Alfredo-Sanchez-Esquivel-1024x683.jpg?ssl=1&w=320&resize=320&ssl=1 320w, https:\/\/i0.wp.com\/interaccionnoticias.com.mx\/wp-content\/uploads\/2023\/05\/230516-Alfredo-Sanchez-Esquivel-1024x683.jpg?ssl=1&w=500&resize=500&ssl=1 500w, https:\/\/i0.wp.com\/interaccionnoticias.com.mx\/wp-content\/uploads\/2023\/05\/230516-Alfredo-Sanchez-Esquivel-1024x683.jpg?ssl=1&w=640&resize=640&ssl=1 640w, https:\/\/i0.wp.com\/interaccionnoticias.com.mx\/wp-content\/uploads\/2023\/05\/230516-Alfredo-Sanchez-Esquivel-1024x683.jpg?ssl=1&w=800&resize=800&ssl=1 800w, https:\/\/i0.wp.com\/interaccionnoticias.com.mx\/wp-content\/uploads\/2023\/05\/230516-Alfredo-Sanchez-Esquivel-1024x683.jpg?ssl=1&w=1024&resize=1024&ssl=1 1024w, https:\/\/i0.wp.com\/interaccionnoticias.com.mx\/wp-content\/uploads\/2023\/05\/230516-Alfredo-Sanchez-Esquivel-1024x683.jpg?ssl=1&w=1280&resize=1280&ssl=1 1280w, https:\/\/i0.wp.com\/interaccionnoticias.com.mx\/wp-content\/uploads\/2023\/05\/230516-Alfredo-Sanchez-Esquivel-1024x683.jpg?ssl=1&w=1600&resize=1600&ssl=1 1600w\" alt=\"\" class=\"wp-block-jetpack-slideshow_image wp-image-61997\" data-id=\"61997\" fifu-data-src=\"https:\/\/i0.wp.com\/interaccionnoticias.com.mx\/wp-content\/uploads\/2023\/05\/230516-Alfredo-Sanchez-Esquivel-1024x683.jpg?ssl=1\"\/><\/figure><\/li><li class=\"wp-block-jetpack-slideshow_slide swiper-slide\"><figure><img decoding=\"async\" src=\"data:image\/gif;base64,R0lGODlhAQABAIAAAAAAAP\/\/\/ywAAAAAAQABAAACAUwAOw==\" fifu-lazy=\"1\" fifu-data-sizes=\"auto\" fifu-data-srcset=\"https:\/\/i3.wp.com\/interaccionnoticias.com.mx\/wp-content\/uploads\/2023\/05\/230516-Ociel-Hugar-Trujillo-1024x683.jpg?ssl=1&w=75&resize=75&ssl=1 75w, https:\/\/i3.wp.com\/interaccionnoticias.com.mx\/wp-content\/uploads\/2023\/05\/230516-Ociel-Hugar-Trujillo-1024x683.jpg?ssl=1&w=100&resize=100&ssl=1 100w, https:\/\/i3.wp.com\/interaccionnoticias.com.mx\/wp-content\/uploads\/2023\/05\/230516-Ociel-Hugar-Trujillo-1024x683.jpg?ssl=1&w=150&resize=150&ssl=1 150w, https:\/\/i3.wp.com\/interaccionnoticias.com.mx\/wp-content\/uploads\/2023\/05\/230516-Ociel-Hugar-Trujillo-1024x683.jpg?ssl=1&w=240&resize=240&ssl=1 240w, https:\/\/i3.wp.com\/interaccionnoticias.com.mx\/wp-content\/uploads\/2023\/05\/230516-Ociel-Hugar-Trujillo-1024x683.jpg?ssl=1&w=320&resize=320&ssl=1 320w, https:\/\/i3.wp.com\/interaccionnoticias.com.mx\/wp-content\/uploads\/2023\/05\/230516-Ociel-Hugar-Trujillo-1024x683.jpg?ssl=1&w=500&resize=500&ssl=1 500w, https:\/\/i3.wp.com\/interaccionnoticias.com.mx\/wp-content\/uploads\/2023\/05\/230516-Ociel-Hugar-Trujillo-1024x683.jpg?ssl=1&w=640&resize=640&ssl=1 640w, https:\/\/i3.wp.com\/interaccionnoticias.com.mx\/wp-content\/uploads\/2023\/05\/230516-Ociel-Hugar-Trujillo-1024x683.jpg?ssl=1&w=800&resize=800&ssl=1 800w, https:\/\/i3.wp.com\/interaccionnoticias.com.mx\/wp-content\/uploads\/2023\/05\/230516-Ociel-Hugar-Trujillo-1024x683.jpg?ssl=1&w=1024&resize=1024&ssl=1 1024w, https:\/\/i3.wp.com\/interaccionnoticias.com.mx\/wp-content\/uploads\/2023\/05\/230516-Ociel-Hugar-Trujillo-1024x683.jpg?ssl=1&w=1280&resize=1280&ssl=1 1280w, https:\/\/i3.wp.com\/interaccionnoticias.com.mx\/wp-content\/uploads\/2023\/05\/230516-Ociel-Hugar-Trujillo-1024x683.jpg?ssl=1&w=1600&resize=1600&ssl=1 1600w\" alt=\"\" class=\"wp-block-jetpack-slideshow_image wp-image-61998\" data-id=\"61998\" fifu-data-src=\"https:\/\/i3.wp.com\/interaccionnoticias.com.mx\/wp-content\/uploads\/2023\/05\/230516-Ociel-Hugar-Trujillo-1024x683.jpg?ssl=1\"\/><\/figure><\/li><li class=\"wp-block-jetpack-slideshow_slide swiper-slide\"><figure><img decoding=\"async\" src=\"data:image\/gif;base64,R0lGODlhAQABAIAAAAAAAP\/\/\/ywAAAAAAQABAAACAUwAOw==\" fifu-lazy=\"1\" fifu-data-sizes=\"auto\" fifu-data-srcset=\"https:\/\/i3.wp.com\/interaccionnoticias.com.mx\/wp-content\/uploads\/2023\/05\/230516-Hector-Apreza-Patron-1024x683.jpg?ssl=1&w=75&resize=75&ssl=1 75w, https:\/\/i3.wp.com\/interaccionnoticias.com.mx\/wp-content\/uploads\/2023\/05\/230516-Hector-Apreza-Patron-1024x683.jpg?ssl=1&w=100&resize=100&ssl=1 100w, https:\/\/i3.wp.com\/interaccionnoticias.com.mx\/wp-content\/uploads\/2023\/05\/230516-Hector-Apreza-Patron-1024x683.jpg?ssl=1&w=150&resize=150&ssl=1 150w, https:\/\/i3.wp.com\/interaccionnoticias.com.mx\/wp-content\/uploads\/2023\/05\/230516-Hector-Apreza-Patron-1024x683.jpg?ssl=1&w=240&resize=240&ssl=1 240w, https:\/\/i3.wp.com\/interaccionnoticias.com.mx\/wp-content\/uploads\/2023\/05\/230516-Hector-Apreza-Patron-1024x683.jpg?ssl=1&w=320&resize=320&ssl=1 320w, https:\/\/i3.wp.com\/interaccionnoticias.com.mx\/wp-content\/uploads\/2023\/05\/230516-Hector-Apreza-Patron-1024x683.jpg?ssl=1&w=500&resize=500&ssl=1 500w, https:\/\/i3.wp.com\/interaccionnoticias.com.mx\/wp-content\/uploads\/2023\/05\/230516-Hector-Apreza-Patron-1024x683.jpg?ssl=1&w=640&resize=640&ssl=1 640w, https:\/\/i3.wp.com\/interaccionnoticias.com.mx\/wp-content\/uploads\/2023\/05\/230516-Hector-Apreza-Patron-1024x683.jpg?ssl=1&w=800&resize=800&ssl=1 800w, https:\/\/i3.wp.com\/interaccionnoticias.com.mx\/wp-content\/uploads\/2023\/05\/230516-Hector-Apreza-Patron-1024x683.jpg?ssl=1&w=1024&resize=1024&ssl=1 1024w, https:\/\/i3.wp.com\/interaccionnoticias.com.mx\/wp-content\/uploads\/2023\/05\/230516-Hector-Apreza-Patron-1024x683.jpg?ssl=1&w=1280&resize=1280&ssl=1 1280w, https:\/\/i3.wp.com\/interaccionnoticias.com.mx\/wp-content\/uploads\/2023\/05\/230516-Hector-Apreza-Patron-1024x683.jpg?ssl=1&w=1600&resize=1600&ssl=1 1600w\" alt=\"\" class=\"wp-block-jetpack-slideshow_image wp-image-61999\" data-id=\"61999\" fifu-data-src=\"https:\/\/i3.wp.com\/interaccionnoticias.com.mx\/wp-content\/uploads\/2023\/05\/230516-Hector-Apreza-Patron-1024x683.jpg?ssl=1\"\/><\/figure><\/li><li class=\"wp-block-jetpack-slideshow_slide swiper-slide\"><figure><img decoding=\"async\" src=\"data:image\/gif;base64,R0lGODlhAQABAIAAAAAAAP\/\/\/ywAAAAAAQABAAACAUwAOw==\" fifu-lazy=\"1\" fifu-data-sizes=\"auto\" fifu-data-srcset=\"https:\/\/i2.wp.com\/interaccionnoticias.com.mx\/wp-content\/uploads\/2023\/05\/230516-Joaquin-Badillo-Escamilla-1024x683.jpg?ssl=1&w=75&resize=75&ssl=1 75w, https:\/\/i2.wp.com\/interaccionnoticias.com.mx\/wp-content\/uploads\/2023\/05\/230516-Joaquin-Badillo-Escamilla-1024x683.jpg?ssl=1&w=100&resize=100&ssl=1 100w, https:\/\/i2.wp.com\/interaccionnoticias.com.mx\/wp-content\/uploads\/2023\/05\/230516-Joaquin-Badillo-Escamilla-1024x683.jpg?ssl=1&w=150&resize=150&ssl=1 150w, https:\/\/i2.wp.com\/interaccionnoticias.com.mx\/wp-content\/uploads\/2023\/05\/230516-Joaquin-Badillo-Escamilla-1024x683.jpg?ssl=1&w=240&resize=240&ssl=1 240w, https:\/\/i2.wp.com\/interaccionnoticias.com.mx\/wp-content\/uploads\/2023\/05\/230516-Joaquin-Badillo-Escamilla-1024x683.jpg?ssl=1&w=320&resize=320&ssl=1 320w, https:\/\/i2.wp.com\/interaccionnoticias.com.mx\/wp-content\/uploads\/2023\/05\/230516-Joaquin-Badillo-Escamilla-1024x683.jpg?ssl=1&w=500&resize=500&ssl=1 500w, https:\/\/i2.wp.com\/interaccionnoticias.com.mx\/wp-content\/uploads\/2023\/05\/230516-Joaquin-Badillo-Escamilla-1024x683.jpg?ssl=1&w=640&resize=640&ssl=1 640w, https:\/\/i2.wp.com\/interaccionnoticias.com.mx\/wp-content\/uploads\/2023\/05\/230516-Joaquin-Badillo-Escamilla-1024x683.jpg?ssl=1&w=800&resize=800&ssl=1 800w, https:\/\/i2.wp.com\/interaccionnoticias.com.mx\/wp-content\/uploads\/2023\/05\/230516-Joaquin-Badillo-Escamilla-1024x683.jpg?ssl=1&w=1024&resize=1024&ssl=1 1024w, https:\/\/i2.wp.com\/interaccionnoticias.com.mx\/wp-content\/uploads\/2023\/05\/230516-Joaquin-Badillo-Escamilla-1024x683.jpg?ssl=1&w=1280&resize=1280&ssl=1 1280w, https:\/\/i2.wp.com\/interaccionnoticias.com.mx\/wp-content\/uploads\/2023\/05\/230516-Joaquin-Badillo-Escamilla-1024x683.jpg?ssl=1&w=1600&resize=1600&ssl=1 1600w\" alt=\"\" class=\"wp-block-jetpack-slideshow_image wp-image-62000\" data-id=\"62000\" fifu-data-src=\"https:\/\/i2.wp.com\/interaccionnoticias.com.mx\/wp-content\/uploads\/2023\/05\/230516-Joaquin-Badillo-Escamilla-1024x683.jpg?ssl=1\"\/><\/figure><\/li><\/ul><a class=\"wp-block-jetpack-slideshow_button-prev swiper-button-prev swiper-button-white\" role=\"button\"><\/a><a class=\"wp-block-jetpack-slideshow_button-next swiper-button-next swiper-button-white\" role=\"button\"><\/a><a aria-label=\"Pause Slideshow\" class=\"wp-block-jetpack-slideshow_button-pause\" role=\"button\"><\/a><div class=\"wp-block-jetpack-slideshow_pagination swiper-pagination swiper-pagination-white\"><\/div><\/div><\/div>\n","protected":false},"excerpt":{"rendered":"<p>&#8212; El coordinador de los diputados del PRI, H\u00e9ctor Apreza Patr\u00f3n cuestion\u00f3 la participaci\u00f3n de Jes\u00fas Uri\u00f3stegui Garc\u00eda en acto de campa\u00f1a de Delfina G\u00f3mez&#8212; Joaqu\u00edn Badillo, de MORENA dio&hellip; <\/p>\n","protected":false},"author":21,"featured_media":62000,"comment_status":"open","ping_status":"open","sticky":false,"template":"","format":"standard","meta":{"fifu_image_url":"","fifu_image_alt":"","footnotes":""},"categories":[2],"tags":[],"class_list":["post-61996","post","type-post","status-publish","format-standard","has-post-thumbnail","hentry","category-congreso"],"_links":{"self":[{"href":"https:\/\/www.interaccionnoticias.com.mx\/index.php?rest_route=\/wp\/v2\/posts\/61996","targetHints":{"allow":["GET"]}}],"collection":[{"href":"https:\/\/www.interaccionnoticias.com.mx\/index.php?rest_route=\/wp\/v2\/posts"}],"about":[{"href":"https:\/\/www.interaccionnoticias.com.mx\/index.php?rest_route=\/wp\/v2\/types\/post"}],"author":[{"embeddable":true,"href":"https:\/\/www.interaccionnoticias.com.mx\/index.php?rest_route=\/wp\/v2\/users\/21"}],"replies":[{"embeddable":true,"href":"https:\/\/www.interaccionnoticias.com.mx\/index.php?rest_route=%2Fwp%2Fv2%2Fcomments&post=61996"}],"version-history":[{"count":1,"href":"https:\/\/www.interaccionnoticias.com.mx\/index.php?rest_route=\/wp\/v2\/posts\/61996\/revisions"}],"predecessor-version":[{"id":62001,"href":"https:\/\/www.interaccionnoticias.com.mx\/index.php?rest_route=\/wp\/v2\/posts\/61996\/revisions\/62001"}],"wp:featuredmedia":[{"embeddable":true,"href":"https:\/\/www.interaccionnoticias.com.mx\/index.php?rest_route=\/wp\/v2\/media\/62000"}],"wp:attachment":[{"href":"https:\/\/www.interaccionnoticias.com.mx\/index.php?rest_route=%2Fwp%2Fv2%2Fmedia&parent=61996"}],"wp:term":[{"taxonomy":"category","embeddable":true,"href":"https:\/\/www.interaccionnoticias.com.mx\/index.php?rest_route=%2Fwp%2Fv2%2Fcategories&post=61996"},{"taxonomy":"post_tag","embeddable":true,"href":"https:\/\/www.interaccionnoticias.com.mx\/index.php?rest_route=%2Fwp%2Fv2%2Ftags&post=61996"}],"curies":[{"name":"wp","href":"https:\/\/api.w.org\/{rel}","templated":true}]}}