{"id":61982,"date":"2023-05-16T17:03:22","date_gmt":"2023-05-16T22:03:22","guid":{"rendered":"https:\/\/interaccionnoticias.com.mx\/?p=61982"},"modified":"2023-05-16T17:03:28","modified_gmt":"2023-05-16T22:03:28","slug":"niega-la-diputada-yoloczin-dominguez-que-no-se-atienda-en-el-congreso-a-victimas-de-desaparecidos","status":"publish","type":"post","link":"https:\/\/www.interaccionnoticias.com.mx\/?p=61982","title":{"rendered":"Niega la diputada Yoloczin Dom\u00ednguez que no se atienda en el Congreso a v\u00edctimas de desaparecidos"},"content":{"rendered":"\n<p><strong><em>&#8212; Asegur\u00f3 que s\u00ed se da seguimiento a la Ley en Materia de Desaparici\u00f3n de Personas en Guerrero<\/em><\/strong><\/p>\n\n\n\n<p><strong>Rosario Garc\u00eda Orozco<\/strong><\/p>\n\n\n\n<p><strong>Chilpancingo, Gro., 16 de mayo del 2023.- <\/strong>La presidenta de la Junta de Coordinaci\u00f3n Pol\u00edtica (Jucopo) del Congreso Local, Yoloczin Dom\u00ednguez Serna neg\u00f3 que no se de seguimiento en el Poder Legislativo a la Ley en Materia de desaparici\u00f3n de Personas en Guerrero, como recientemente lo denunciaron colectivos de v\u00edctimas de ese delito.<\/p>\n\n\n\n<p>Explic\u00f3 que dicha iniciativa de Ley, que fue presentada en noviembre pasado por la diputada morenista Yanek Vel\u00e1zquez Mart\u00ednez, se encuentra en an\u00e1lisis de la Comisi\u00f3n de Derechos Humanos del Congreso Local, y que s\u00ed han sido recibidos los integrantes de colectivos de v\u00edctimas de desaparici\u00f3n, quienes hasta determinaron que se establecieran mesas de trabajo para que los legisladores escuchen propuestas de la ciudadan\u00eda al respecto y de robustesca la propuesta inicial.<\/p>\n\n\n\n<p>\u00abAl inicio los colectivos manifestaban que la Ley presentado no conten\u00eda lo que ellos hab\u00edan planteado, y solicitaron la intervenci\u00f3n de la Jucopo, los recibimos junto con la Comisi\u00f3n de Derechos Humanos, se le dio seguimiento y atenci\u00f3n, el acuerdo al que se lleg\u00f3 fue que se instalar\u00edan mesas de trabajo con los asesores t\u00e9cnicos para poder agilizar el proceso, y como prueba hay minutas firmadas, s\u00ed se les ha atendido\u00bb, expres\u00f3 la legisladora morenista.<\/p>\n\n\n\n<p>Agreg\u00f3 que ese tema lo tiene la Comisi\u00f3n de Derechos Humanos del Congreso Local, que es la encargada de dictaminarlo, \u00abnosotros estamos dando la atenci\u00f3n conforme a lo que ellos decidieron en ese tema, y en ning\u00fan momento se le est\u00e1 cerrando ning\u00fan tipo de puerta a la iniciativa, pero ese es el acuerdo al que se lleg\u00f3 con los colectivos y ellos estuvieron de acuerdo en avanzar, en agilizarlo, y emitir cada quien su opini\u00f3n, para tratar de adecuarlo, con la finalidad de que est\u00e9 completo y contenga las opiniones de las v\u00edctimas de ese delito\u00bb.<\/p>\n\n\n\n<p>Cabe recordar que el domingo pasado, integrantes del colectivo de familiares de desaparecidos \u00abLupita Rodr\u00edguez Narciso\u00bb denunciaron que no hay avance en el an\u00e1lisis, discusi\u00f3n y aprobaci\u00f3n de la Ley en Materia de Desaparici\u00f3n de Personas en Guerrero, en el Congreso Local, por lo que pidieron a los legisladores no aplazar m\u00e1s esa taera.<\/p>\n\n\n\n<p>Informaron tambi\u00e9n que ya est\u00e1 por presentarse un texto complementario por parte de la organizaci\u00f3n Tlalchinollan para fortalecer la propuesta legislativa inicial.<br><\/p>\n","protected":false},"excerpt":{"rendered":"<p>&#8212; Asegur\u00f3 que s\u00ed se da seguimiento a la Ley en Materia de Desaparici\u00f3n de Personas en Guerrero Rosario Garc\u00eda Orozco Chilpancingo, Gro., 16 de mayo del 2023.- La presidenta&hellip; <\/p>\n","protected":false},"author":14,"featured_media":61983,"comment_status":"open","ping_status":"open","sticky":false,"template":"","format":"standard","meta":{"fifu_image_url":"","fifu_image_alt":"","footnotes":""},"categories":[2],"tags":[],"class_list":["post-61982","post","type-post","status-publish","format-standard","has-post-thumbnail","hentry","category-congreso"],"_links":{"self":[{"href":"https:\/\/www.interaccionnoticias.com.mx\/index.php?rest_route=\/wp\/v2\/posts\/61982","targetHints":{"allow":["GET"]}}],"collection":[{"href":"https:\/\/www.interaccionnoticias.com.mx\/index.php?rest_route=\/wp\/v2\/posts"}],"about":[{"href":"https:\/\/www.interaccionnoticias.com.mx\/index.php?rest_route=\/wp\/v2\/types\/post"}],"author":[{"embeddable":true,"href":"https:\/\/www.interaccionnoticias.com.mx\/index.php?rest_route=\/wp\/v2\/users\/14"}],"replies":[{"embeddable":true,"href":"https:\/\/www.interaccionnoticias.com.mx\/index.php?rest_route=%2Fwp%2Fv2%2Fcomments&post=61982"}],"version-history":[{"count":1,"href":"https:\/\/www.interaccionnoticias.com.mx\/index.php?rest_route=\/wp\/v2\/posts\/61982\/revisions"}],"predecessor-version":[{"id":61984,"href":"https:\/\/www.interaccionnoticias.com.mx\/index.php?rest_route=\/wp\/v2\/posts\/61982\/revisions\/61984"}],"wp:featuredmedia":[{"embeddable":true,"href":"https:\/\/www.interaccionnoticias.com.mx\/index.php?rest_route=\/wp\/v2\/media\/61983"}],"wp:attachment":[{"href":"https:\/\/www.interaccionnoticias.com.mx\/index.php?rest_route=%2Fwp%2Fv2%2Fmedia&parent=61982"}],"wp:term":[{"taxonomy":"category","embeddable":true,"href":"https:\/\/www.interaccionnoticias.com.mx\/index.php?rest_route=%2Fwp%2Fv2%2Fcategories&post=61982"},{"taxonomy":"post_tag","embeddable":true,"href":"https:\/\/www.interaccionnoticias.com.mx\/index.php?rest_route=%2Fwp%2Fv2%2Ftags&post=61982"}],"curies":[{"name":"wp","href":"https:\/\/api.w.org\/{rel}","templated":true}]}}