{"id":61976,"date":"2023-05-16T15:31:33","date_gmt":"2023-05-16T20:31:33","guid":{"rendered":"https:\/\/interaccionnoticias.com.mx\/?p=61976"},"modified":"2023-05-16T15:31:39","modified_gmt":"2023-05-16T20:31:39","slug":"se-reune-titular-de-sagadegro-con-la-union-de-ejidos-y-comunidades-de-la-costa-grande","status":"publish","type":"post","link":"https:\/\/www.interaccionnoticias.com.mx\/?p=61976","title":{"rendered":"Se re\u00fane titular de Sagadegro con la Uni\u00f3n de Ejidos y Comunidades de la Costa Grande"},"content":{"rendered":"\n<p><strong><em>&#8212; Escucha sus demandas y les presenta los programas que opera el gobierno del estado es beneficio de los campesinos guerrerenses<\/em><\/strong><\/p>\n\n\n\n<p><strong>Chilpancingo, Gro., 16 de mayo de 2023-05.-<\/strong> El titular de la Secretar\u00eda de Agricultura, Ganader\u00eda, Pesca y Desarrollo Rural, Alejandro Zepeda Castorena, present\u00f3 a la Uni\u00f3n de Ejidos y Comunidades de la Costa Grande los programas prioritarios que opera la Sagadegro en beneficio de los productores guerrerenses.<\/p>\n\n\n\n<p>Destac\u00f3 que se desarrollan programas estrat\u00e9gicos enfocados a que los peque\u00f1os productores permitan ver mejoras en su econom\u00eda, evitando pulvericer los recursos.<\/p>\n\n\n\n<p>Asimismo, mencion\u00f3 que la Sagadegro lanz\u00f3 las convocatorias de los programas con una semana de anticipaci\u00f3n para su difusi\u00f3n, buscando que todas las productoras y los productores, se enteraran y tuvieran el tiempo para tener su documentaci\u00f3n lista, y teniendo dos semanas m\u00e1s para la recepci\u00f3n de documentaci\u00f3n, haciendo hincapi\u00e9, que los tr\u00e1mites son totalmente transparentes y personales.<\/p>\n\n\n\n<p>Los integrantes de la Uni\u00f3n de Ejidos y Comunidades de la Costa Grande le expusieron algunas inquietudes que ata\u00f1en a sus regi\u00f3n, y solicitaron una pr\u00f3xima reuni\u00f3n para exponer una propuesta con el tema del fertilizante, as\u00ed como hacer llegar una propuesta de colaboraci\u00f3n intersecretarial, con la Secretar\u00eda de Agricultura (SADER) y la Procuradur\u00eda Agraria.<\/p>\n","protected":false},"excerpt":{"rendered":"<p>&#8212; Escucha sus demandas y les presenta los programas que opera el gobierno del estado es beneficio de los campesinos guerrerenses Chilpancingo, Gro., 16 de mayo de 2023-05.- El titular&hellip; <\/p>\n","protected":false},"author":19,"featured_media":61977,"comment_status":"open","ping_status":"open","sticky":false,"template":"","format":"standard","meta":{"fifu_image_url":"","fifu_image_alt":"","footnotes":""},"categories":[11],"tags":[],"class_list":["post-61976","post","type-post","status-publish","format-standard","has-post-thumbnail","hentry","category-guerrero"],"_links":{"self":[{"href":"https:\/\/www.interaccionnoticias.com.mx\/index.php?rest_route=\/wp\/v2\/posts\/61976","targetHints":{"allow":["GET"]}}],"collection":[{"href":"https:\/\/www.interaccionnoticias.com.mx\/index.php?rest_route=\/wp\/v2\/posts"}],"about":[{"href":"https:\/\/www.interaccionnoticias.com.mx\/index.php?rest_route=\/wp\/v2\/types\/post"}],"author":[{"embeddable":true,"href":"https:\/\/www.interaccionnoticias.com.mx\/index.php?rest_route=\/wp\/v2\/users\/19"}],"replies":[{"embeddable":true,"href":"https:\/\/www.interaccionnoticias.com.mx\/index.php?rest_route=%2Fwp%2Fv2%2Fcomments&post=61976"}],"version-history":[{"count":1,"href":"https:\/\/www.interaccionnoticias.com.mx\/index.php?rest_route=\/wp\/v2\/posts\/61976\/revisions"}],"predecessor-version":[{"id":61978,"href":"https:\/\/www.interaccionnoticias.com.mx\/index.php?rest_route=\/wp\/v2\/posts\/61976\/revisions\/61978"}],"wp:featuredmedia":[{"embeddable":true,"href":"https:\/\/www.interaccionnoticias.com.mx\/index.php?rest_route=\/wp\/v2\/media\/61977"}],"wp:attachment":[{"href":"https:\/\/www.interaccionnoticias.com.mx\/index.php?rest_route=%2Fwp%2Fv2%2Fmedia&parent=61976"}],"wp:term":[{"taxonomy":"category","embeddable":true,"href":"https:\/\/www.interaccionnoticias.com.mx\/index.php?rest_route=%2Fwp%2Fv2%2Fcategories&post=61976"},{"taxonomy":"post_tag","embeddable":true,"href":"https:\/\/www.interaccionnoticias.com.mx\/index.php?rest_route=%2Fwp%2Fv2%2Ftags&post=61976"}],"curies":[{"name":"wp","href":"https:\/\/api.w.org\/{rel}","templated":true}]}}