{"id":61966,"date":"2023-05-16T14:22:19","date_gmt":"2023-05-16T19:22:19","guid":{"rendered":"https:\/\/interaccionnoticias.com.mx\/?p=61966"},"modified":"2023-05-16T14:22:24","modified_gmt":"2023-05-16T19:22:24","slug":"firme-evelyn-salgado-en-mejorar-las-condiciones-de-paz-y-seguridad-en-guerrero","status":"publish","type":"post","link":"https:\/\/www.interaccionnoticias.com.mx\/?p=61966","title":{"rendered":"Firme Evelyn Salgado en mejorar las condiciones de paz y seguridad en Guerrero"},"content":{"rendered":"\n<p><strong><em>&#8212; Llama a municipios a priorizar y estrechar coordinaci\u00f3n con fuerzas armadas y de seguridad del estado<br>&#8212; Coordinan acciones para fortalecer estructura operativa de seguridad en zonas prioritarias de Guerrero<\/em><\/strong><\/p>\n\n\n\n<p><strong>Chilpancingo Gro.,16 de mayo del 2023. &#8211;<\/strong> Firme en su compromiso de mejorar las condiciones de seguridad en Guerrero, la gobernadora Evelyn Salgado Pineda encabez\u00f3 los trabajos de la Mesa de Coordinaci\u00f3n para la Construcci\u00f3n de la Paz en la que, junto con mandos militares, navales y civiles, llam\u00f3 a los municipios a trabajar de forma conjunta bajo una misma estrategia para combatir la violencia y mejorar las condiciones de bienestar de las y los guerrerenses.<\/p>\n\n\n\n<p>Durante la sesi\u00f3n de esta ma\u00f1ana, la mandataria estatal coordin\u00f3 las acciones a implementar para fortalecer la estructura operativa de la estrategia de seguridad en las ocho regiones del estado, prioritariamente en los municipios con mayor \u00edndice delictivo como Acapulco y otras regiones.<\/p>\n\n\n\n<p>Instruy\u00f3 a la Secretar\u00eda de Seguridad P\u00fablica estrechar la coordinaci\u00f3n con las fuerzas federales y castrenses, as\u00ed como municipales, bajo un trabajo de proximidad social para combatir a fondo las incidencias delictivas con la prevenci\u00f3n del delito en las zonas identificadas con mayor \u00edndice delictivo.<\/p>\n\n\n\n<p>Adem\u00e1s, la gobernadora Evelyn Salgado tambi\u00e9n dio seguimiento a los trabajos de inteligencia que se realiza en el estado en el combate a los grupos delictivos en coordinaci\u00f3n con la Secretar\u00eda de la Defensa Nacional, Marina, Guardia Nacional y Fiscal\u00eda General de la Rep\u00fablica, adem\u00e1s de revisar los avances de las investigaciones de los casos delictivos que se atienden en la Fiscal\u00eda General del Estado.<\/p>\n\n\n\n<p>En la reuni\u00f3n de seguridad se detall\u00f3 cada una de las incidencias delictivas de los \u00faltimos casos de violencia a fin de dar seguimiento a los casos como parte de la estrategia en el combate a la impunidad, fortalecer el estado de derecho y la procuraci\u00f3n de justicia en Guerrero.<\/p>\n","protected":false},"excerpt":{"rendered":"<p>&#8212; Llama a municipios a priorizar y estrechar coordinaci\u00f3n con fuerzas armadas y de seguridad del estado&#8212; Coordinan acciones para fortalecer estructura operativa de seguridad en zonas prioritarias de Guerrero&hellip; <\/p>\n","protected":false},"author":19,"featured_media":61967,"comment_status":"open","ping_status":"open","sticky":false,"template":"","format":"standard","meta":{"fifu_image_url":"","fifu_image_alt":"","footnotes":""},"categories":[11],"tags":[],"class_list":["post-61966","post","type-post","status-publish","format-standard","has-post-thumbnail","hentry","category-guerrero"],"_links":{"self":[{"href":"https:\/\/www.interaccionnoticias.com.mx\/index.php?rest_route=\/wp\/v2\/posts\/61966","targetHints":{"allow":["GET"]}}],"collection":[{"href":"https:\/\/www.interaccionnoticias.com.mx\/index.php?rest_route=\/wp\/v2\/posts"}],"about":[{"href":"https:\/\/www.interaccionnoticias.com.mx\/index.php?rest_route=\/wp\/v2\/types\/post"}],"author":[{"embeddable":true,"href":"https:\/\/www.interaccionnoticias.com.mx\/index.php?rest_route=\/wp\/v2\/users\/19"}],"replies":[{"embeddable":true,"href":"https:\/\/www.interaccionnoticias.com.mx\/index.php?rest_route=%2Fwp%2Fv2%2Fcomments&post=61966"}],"version-history":[{"count":1,"href":"https:\/\/www.interaccionnoticias.com.mx\/index.php?rest_route=\/wp\/v2\/posts\/61966\/revisions"}],"predecessor-version":[{"id":61968,"href":"https:\/\/www.interaccionnoticias.com.mx\/index.php?rest_route=\/wp\/v2\/posts\/61966\/revisions\/61968"}],"wp:featuredmedia":[{"embeddable":true,"href":"https:\/\/www.interaccionnoticias.com.mx\/index.php?rest_route=\/wp\/v2\/media\/61967"}],"wp:attachment":[{"href":"https:\/\/www.interaccionnoticias.com.mx\/index.php?rest_route=%2Fwp%2Fv2%2Fmedia&parent=61966"}],"wp:term":[{"taxonomy":"category","embeddable":true,"href":"https:\/\/www.interaccionnoticias.com.mx\/index.php?rest_route=%2Fwp%2Fv2%2Fcategories&post=61966"},{"taxonomy":"post_tag","embeddable":true,"href":"https:\/\/www.interaccionnoticias.com.mx\/index.php?rest_route=%2Fwp%2Fv2%2Ftags&post=61966"}],"curies":[{"name":"wp","href":"https:\/\/api.w.org\/{rel}","templated":true}]}}