{"id":61963,"date":"2023-05-16T12:22:23","date_gmt":"2023-05-16T17:22:23","guid":{"rendered":"https:\/\/interaccionnoticias.com.mx\/?p=61963"},"modified":"2023-05-16T12:22:28","modified_gmt":"2023-05-16T17:22:28","slug":"candidato-unico-a-la-rectoria-de-la-uagro-sufre-cuarto-contagio-de-covid-19-y-suspende-la-campana","status":"publish","type":"post","link":"https:\/\/www.interaccionnoticias.com.mx\/?p=61963","title":{"rendered":"Candidato \u00fanico a la rector\u00eda de la UAGro sufre cuarto contagio de Covid-19 y suspende la campa\u00f1a"},"content":{"rendered":"\n<p><strong><em>&#8212; Javier Salda\u00f1a Almaz\u00e1n se sinti\u00f3 mal el lunes, se hizo la prueba y sali\u00f3 positivo<\/em><\/strong><\/p>\n\n\n\n<p><strong>Rogelio Agust\u00edn<\/strong><\/p>\n\n\n\n<p>El candidato \u00fanico a la rector\u00eda de la Universidad Aut\u00f3noma de Guerrero (UAGro), Javier Salda\u00f1a Almaz\u00e1n suspendi\u00f3 sus actividades de campa\u00f1a, luego de que se confirmara su cuarto contagio de Covid-19 en lo que va de la pandemia.<\/p>\n\n\n\n<p>La ma\u00f1ana del martes 16 de mayo, la casa de campa\u00f1a de Salda\u00f1a Almaz\u00e1n emiti\u00f3 un comunicado en el que refiere que la jornada del lunes, el candidato \u00fanico a la rector\u00eda de la m\u00e1xima casa de estudios guerrerense hab\u00eda presentado malestares y s\u00edntomas f\u00edsicos que ameritaron una revisi\u00f3n m\u00e9dica.<\/p>\n\n\n\n<p>La recomendaci\u00f3n fue que se realizara una prueba de Covid-19, misma que se aplic\u00f3 y los resultados se entregaron el martes, informando que \u201cla prueba result\u00f3 positiva\u201d.<\/p>\n\n\n\n<p>En el comunicado se anota que los s\u00edntomas que presenta el candidato son leves y que ya est\u00e1 bajo la supervisi\u00f3n m\u00e9dica, para evitar complicaciones mayores.<\/p>\n\n\n\n<p>\u201cLa casa de campa\u00f1a en acuerdo con el Doctor Javier Salda\u00f1a decidieron suspender las actividades que estaban planificadas, para proteger a la comunidad universitaria y al propio candidato\u201d, se\u00f1ala el comunicado.<\/p>\n\n\n\n<p>Se anota que Salda\u00f1a Almaz\u00e1n retomar\u00e1 sus actividades de proselitismo cuando se le d\u00e9 de alta, mientras tanto, al frente de la campa\u00f1a queda el coordinador operativo, Alejandro Bueno y el coordinador general, Fernando Jim\u00e9nez.<\/p>\n\n\n\n<p>Es la cuarta ocasi\u00f3n en que Salda\u00f1a Almaz\u00e1n se contagia de Covid-19.<br>Dicha enfermedad fue la que propici\u00f3 que se retirara de la rector\u00eda de la UAGro durante a\u00f1o y medio, por lo que asumi\u00f3 el cargo de manera interina Jos\u00e9 Alfredo Romero Olea.<br><\/p>\n","protected":false},"excerpt":{"rendered":"<p>&#8212; Javier Salda\u00f1a Almaz\u00e1n se sinti\u00f3 mal el lunes, se hizo la prueba y sali\u00f3 positivo Rogelio Agust\u00edn El candidato \u00fanico a la rector\u00eda de la Universidad Aut\u00f3noma de Guerrero&hellip; <\/p>\n","protected":false},"author":21,"featured_media":61964,"comment_status":"open","ping_status":"open","sticky":false,"template":"","format":"standard","meta":{"fifu_image_url":"","fifu_image_alt":"","footnotes":""},"categories":[30],"tags":[],"class_list":["post-61963","post","type-post","status-publish","format-standard","has-post-thumbnail","hentry","category-universidad"],"_links":{"self":[{"href":"https:\/\/www.interaccionnoticias.com.mx\/index.php?rest_route=\/wp\/v2\/posts\/61963","targetHints":{"allow":["GET"]}}],"collection":[{"href":"https:\/\/www.interaccionnoticias.com.mx\/index.php?rest_route=\/wp\/v2\/posts"}],"about":[{"href":"https:\/\/www.interaccionnoticias.com.mx\/index.php?rest_route=\/wp\/v2\/types\/post"}],"author":[{"embeddable":true,"href":"https:\/\/www.interaccionnoticias.com.mx\/index.php?rest_route=\/wp\/v2\/users\/21"}],"replies":[{"embeddable":true,"href":"https:\/\/www.interaccionnoticias.com.mx\/index.php?rest_route=%2Fwp%2Fv2%2Fcomments&post=61963"}],"version-history":[{"count":1,"href":"https:\/\/www.interaccionnoticias.com.mx\/index.php?rest_route=\/wp\/v2\/posts\/61963\/revisions"}],"predecessor-version":[{"id":61965,"href":"https:\/\/www.interaccionnoticias.com.mx\/index.php?rest_route=\/wp\/v2\/posts\/61963\/revisions\/61965"}],"wp:featuredmedia":[{"embeddable":true,"href":"https:\/\/www.interaccionnoticias.com.mx\/index.php?rest_route=\/wp\/v2\/media\/61964"}],"wp:attachment":[{"href":"https:\/\/www.interaccionnoticias.com.mx\/index.php?rest_route=%2Fwp%2Fv2%2Fmedia&parent=61963"}],"wp:term":[{"taxonomy":"category","embeddable":true,"href":"https:\/\/www.interaccionnoticias.com.mx\/index.php?rest_route=%2Fwp%2Fv2%2Fcategories&post=61963"},{"taxonomy":"post_tag","embeddable":true,"href":"https:\/\/www.interaccionnoticias.com.mx\/index.php?rest_route=%2Fwp%2Fv2%2Ftags&post=61963"}],"curies":[{"name":"wp","href":"https:\/\/api.w.org\/{rel}","templated":true}]}}