{"id":6196,"date":"2017-07-06T10:28:24","date_gmt":"2017-07-06T15:28:24","guid":{"rendered":"http:\/\/www.inter-accion.com.mx\/?p=6196"},"modified":"2017-07-06T10:28:24","modified_gmt":"2017-07-06T15:28:24","slug":"informa-el-gobierno-de-guerrero-sobre-el-motin-en-el-cereso-de-acapulco","status":"publish","type":"post","link":"https:\/\/www.interaccionnoticias.com.mx\/?p=6196","title":{"rendered":"Informa el Gobierno de Guerrero sobre el mot\u00edn en el Cereso de Acapulco"},"content":{"rendered":"<p><img loading=\"lazy\" decoding=\"async\" src=\"data:image\/gif;base64,R0lGODlhAQABAIAAAAAAAP\/\/\/ywAAAAAAQABAAACAUwAOw==\" fifu-lazy=\"1\" fifu-data-sizes=\"auto\" fifu-data-srcset=\"https:\/\/i1.wp.com\/www.inter-accion.com.mx\/wp-content\/uploads\/2017\/07\/WhatsApp-Image-2017-07-06-at-9.37.13-AM1.jpeg?ssl=1&w=75&resize=75&ssl=1 75w, https:\/\/i1.wp.com\/www.inter-accion.com.mx\/wp-content\/uploads\/2017\/07\/WhatsApp-Image-2017-07-06-at-9.37.13-AM1.jpeg?ssl=1&w=100&resize=100&ssl=1 100w, https:\/\/i1.wp.com\/www.inter-accion.com.mx\/wp-content\/uploads\/2017\/07\/WhatsApp-Image-2017-07-06-at-9.37.13-AM1.jpeg?ssl=1&w=150&resize=150&ssl=1 150w, https:\/\/i1.wp.com\/www.inter-accion.com.mx\/wp-content\/uploads\/2017\/07\/WhatsApp-Image-2017-07-06-at-9.37.13-AM1.jpeg?ssl=1&w=240&resize=240&ssl=1 240w, https:\/\/i1.wp.com\/www.inter-accion.com.mx\/wp-content\/uploads\/2017\/07\/WhatsApp-Image-2017-07-06-at-9.37.13-AM1.jpeg?ssl=1&w=320&resize=320&ssl=1 320w, https:\/\/i1.wp.com\/www.inter-accion.com.mx\/wp-content\/uploads\/2017\/07\/WhatsApp-Image-2017-07-06-at-9.37.13-AM1.jpeg?ssl=1&w=500&resize=500&ssl=1 500w, https:\/\/i1.wp.com\/www.inter-accion.com.mx\/wp-content\/uploads\/2017\/07\/WhatsApp-Image-2017-07-06-at-9.37.13-AM1.jpeg?ssl=1&w=640&resize=640&ssl=1 640w, https:\/\/i1.wp.com\/www.inter-accion.com.mx\/wp-content\/uploads\/2017\/07\/WhatsApp-Image-2017-07-06-at-9.37.13-AM1.jpeg?ssl=1&w=800&resize=800&ssl=1 800w, https:\/\/i1.wp.com\/www.inter-accion.com.mx\/wp-content\/uploads\/2017\/07\/WhatsApp-Image-2017-07-06-at-9.37.13-AM1.jpeg?ssl=1&w=1024&resize=1024&ssl=1 1024w, https:\/\/i1.wp.com\/www.inter-accion.com.mx\/wp-content\/uploads\/2017\/07\/WhatsApp-Image-2017-07-06-at-9.37.13-AM1.jpeg?ssl=1&w=1280&resize=1280&ssl=1 1280w, https:\/\/i1.wp.com\/www.inter-accion.com.mx\/wp-content\/uploads\/2017\/07\/WhatsApp-Image-2017-07-06-at-9.37.13-AM1.jpeg?ssl=1&w=1600&resize=1600&ssl=1 1600w\" class=\"alignnone size-full wp-image-6198\" fifu-data-src=\"https:\/\/i1.wp.com\/www.inter-accion.com.mx\/wp-content\/uploads\/2017\/07\/WhatsApp-Image-2017-07-06-at-9.37.13-AM1.jpeg?ssl=1\" alt=\"\" width=\"780\" height=\"1040\">A las 3:55 horas de este d\u00eda, se suscit\u00f3 una ri\u00f1a entre grupos delincuenciales arrojando un saldo de cinco personas muertas y un herido, en el m\u00f3dulo de alta seguridad del Cereso de Acapulco, en donde se encuentran recluidos internos del orden federal.<br \/>\nAl ser informado el Lic. H\u00e9ctor Astudillo Flores, por el Secretario de Seguridad P\u00fablica, Gral. Pedro Almaz\u00e1n, el Ejecutivo del Estado dispuso las medidas de emergencia para el control del conflicto e instruy\u00f3 al Grupo de Coordinaci\u00f3n Guerrero para mantenerse en alerta.<br \/>\nLas autoridades penitenciarias en coordinaci\u00f3n con elementos de la Secretar\u00eda de Seguridad P\u00fablica y de la Fiscal\u00eda General, efect\u00faan un operativo en el Cereso en donde ha quedado reestablecido el orden.<br \/>\nIgualmente, se instal\u00f3 un cintur\u00f3n de seguridad en el exterior del Cereso, auxiliado por dos helic\u00f3pteros del Gobierno del Estado. Hasta el momento no se ha corroborado que se hayan producido disparos de armas de fuego y que las personas que murieron fueron atacadas con armas punzo cortantes y a golpes.<br \/>\nConforme se vaya teniendo mayor conocimiento de los hechos ocurridos e identificando a los presuntos responsables, se informar\u00e1 al respecto. Chilpancingo, Guerrero, julio 6 de 2017. Roberto \u00c1lvarez Heredia Vocer\u00eda del Gobierno del Estado<\/p>\n","protected":false},"excerpt":{"rendered":"<p>A las 3:55 horas de este d\u00eda, se suscit\u00f3 una ri\u00f1a entre grupos delincuenciales arrojando un saldo de cinco personas muertas y un herido, en el m\u00f3dulo de alta seguridad&hellip; <\/p>\n","protected":false},"author":1,"featured_media":0,"comment_status":"closed","ping_status":"closed","sticky":false,"template":"","format":"standard","meta":{"fifu_image_url":"","fifu_image_alt":"","footnotes":""},"categories":[8,23],"tags":[],"class_list":["post-6196","post","type-post","status-publish","format-standard","hentry","category-featured","category-regionales"],"_links":{"self":[{"href":"https:\/\/www.interaccionnoticias.com.mx\/index.php?rest_route=\/wp\/v2\/posts\/6196","targetHints":{"allow":["GET"]}}],"collection":[{"href":"https:\/\/www.interaccionnoticias.com.mx\/index.php?rest_route=\/wp\/v2\/posts"}],"about":[{"href":"https:\/\/www.interaccionnoticias.com.mx\/index.php?rest_route=\/wp\/v2\/types\/post"}],"author":[{"embeddable":true,"href":"https:\/\/www.interaccionnoticias.com.mx\/index.php?rest_route=\/wp\/v2\/users\/1"}],"replies":[{"embeddable":true,"href":"https:\/\/www.interaccionnoticias.com.mx\/index.php?rest_route=%2Fwp%2Fv2%2Fcomments&post=6196"}],"version-history":[{"count":0,"href":"https:\/\/www.interaccionnoticias.com.mx\/index.php?rest_route=\/wp\/v2\/posts\/6196\/revisions"}],"wp:attachment":[{"href":"https:\/\/www.interaccionnoticias.com.mx\/index.php?rest_route=%2Fwp%2Fv2%2Fmedia&parent=6196"}],"wp:term":[{"taxonomy":"category","embeddable":true,"href":"https:\/\/www.interaccionnoticias.com.mx\/index.php?rest_route=%2Fwp%2Fv2%2Fcategories&post=6196"},{"taxonomy":"post_tag","embeddable":true,"href":"https:\/\/www.interaccionnoticias.com.mx\/index.php?rest_route=%2Fwp%2Fv2%2Ftags&post=6196"}],"curies":[{"name":"wp","href":"https:\/\/api.w.org\/{rel}","templated":true}]}}