{"id":61939,"date":"2023-05-15T19:54:42","date_gmt":"2023-05-16T00:54:42","guid":{"rendered":"https:\/\/interaccionnoticias.com.mx\/?p=61939"},"modified":"2023-05-15T19:54:47","modified_gmt":"2023-05-16T00:54:47","slug":"con-respeto-trabajo-y-dialogo-seguimos-caminando-junto-con-el-magisterio-para-lograr-la-revolucion-educativa-evelyn-salgado","status":"publish","type":"post","link":"https:\/\/www.interaccionnoticias.com.mx\/?p=61939","title":{"rendered":"Con respeto, trabajo y di\u00e1logo, seguimos caminando junto con el magisterio para lograr la Revoluci\u00f3n Educativa: Evelyn Salgado"},"content":{"rendered":"\n<p><strong><em>&#8212; Encabeza la mandataria el festejo por el D\u00eda de la Maestra y el Maestro en Acapulco y entrega reconocimientos a la trayectoria a docentes con 30 y 40 a\u00f1os de servicio<\/em><\/strong><\/p>\n\n\n\n<p><strong>Acapulco, Gro., 15 de mayo de 2023.<\/strong>&#8211; \u201cEn el gobierno del estado hemos hecho lo propio para construir una relaci\u00f3n de respeto y de trabajo con el magisterio de Guerrero. Entendiendo que la gran revoluci\u00f3n educativa inicia en las aulas, inicia con las ni\u00f1as, con los ni\u00f1os, con los j\u00f3venes, estudiando y desarrollando mejores capacidades para la vida\u201d, se\u00f1al\u00f3 la gobernadora Evelyn Salgado Pineda, en el festejo por el D\u00eda del Maestro, en donde prioriz\u00f3 el di\u00e1logo con el magisterio guerrerense y reconoci\u00f3 la labor que realizan todos los d\u00edas para promover el bienestar de las y los estudiantes en la entidad.<\/p>\n\n\n\n<p>En el evento realizado en las instalaciones de Mundo Imperial, la gobernadora entreg\u00f3 reconocimientos a la trayectoria de los docentes que han dedicado 30 y 40 a\u00f1os de su vida a la labor de ense\u00f1ar; por ello expres\u00f3 su reconocimiento y pidi\u00f3 nunca olvidar su papel hist\u00f3rico en la construcci\u00f3n del futuro de la educaci\u00f3n en la entidad. De igual manera destac\u00f3 los esfuerzos que se han realizado junto al gobierno federal, para poder consolidar mejores condiciones para los docentes.<\/p>\n\n\n\n<p>\u201cPor ello, a la par de los trabajos con el gobierno de M\u00e9xico, nos hemos ocupado en generar mejores condiciones en la infraestructura, en mantener un di\u00e1logo abierto, sin persecuci\u00f3n y mucho menos represi\u00f3n al magisterio; jam\u00e1s un acto de persecuci\u00f3n o represi\u00f3n a nuestro magisterio, ustedes merecen todo nuestro apoyo, todo nuestro respaldo y siempre la respuesta de este gobierno ser\u00e1 di\u00e1logo, di\u00e1logo y m\u00e1s di\u00e1logo, as\u00ed como atenci\u00f3n a todas y cada una de las demandas del magisterio guerrerense\u201d, expres\u00f3.<\/p>\n\n\n\n<p>Con la presencia del representante del Comit\u00e9 Ejecutivo Nacional (CEN) del Sindicato Nacional de los Trabajadores de la Educaci\u00f3n (SNTE), Luis Enrique Morales Acosta, del secretario general de la Secci\u00f3n 14 del SNTE, Silvano Palacios Salgado, as\u00ed como de la secretaria general del Sindicato \u00danico de Servidores P\u00fablicos del Estado de Guerrero (Suspeg), Adela Hern\u00e1ndez Angelito, la mandataria estatal enfatiz\u00f3 su compromiso con la educaci\u00f3n a trav\u00e9s de diversas acciones que han permitido atender los problemas de fondo de este sector, ofreciendo soluciones para combatir la corrupci\u00f3n y las malas pr\u00e1cticas.<\/p>\n\n\n\n<p>Dijo que este trabajo coordinado con el gobierno federal ha permitido construir una agenda de trabajo para lograr la transformaci\u00f3n de la educaci\u00f3n en Guerrero y en consecuencia, consolidar la gran revoluci\u00f3n de conciencias que requiere la entidad. Detall\u00f3 que como parte de esta estrategia, la asignaci\u00f3n de horas adicionales, el proceso de admisi\u00f3n a egresados normalistas as\u00ed como la promoci\u00f3n vertical y horizontal, son llevados a trav\u00e9s de los procesos que mandata la Ley General del Sistema para la Carrera de las maestras y maestros, eliminando la corrupci\u00f3n y revalorizando la labor de los docentes.<\/p>\n\n\n\n<p>Explic\u00f3 que durante su administraci\u00f3n se ha logrado la incorporaci\u00f3n de 525 docentes al FONE y se busca dar continuidad a este proceso; como un acto de justicia social, se han regularizados las plazas de 925 maestras y maestros de Educaci\u00f3n Ind\u00edgena; se benefici\u00f3 a 831 maestros, as\u00ed como personal de apoyo y asistencia con el Programa Est\u00edmulo a la Jubilaci\u00f3n. Se regulariz\u00f3 a 103 docentes que cubren la asignatura de ingl\u00e9s; se entregaron 725 nombramientos a normalistas reci\u00e9n egresados que participaron en el proceso de admisi\u00f3n del ciclo escolar 2022-2023; se logr\u00f3 la retabulaci\u00f3n salarial y pr\u00f3ximamente, con recursos propios, se comenzar\u00e1 con la regularizaci\u00f3n de docentes en funci\u00f3n con plaza administrativa y de docentes con diferente nivel a la plaza que ostentan, entre muchos otros logros.<\/p>\n\n\n\n<p>\u201cEsto es con mucho esfuerzo administrativo, con recursos, pero con todo el coraz\u00f3n. Hemos avanzado en todos y cada uno de los proyectos que hemos planteado en la SEP, con la decisi\u00f3n inclaudicable y el acompa\u00f1amiento permanente de las autoridades federales que se plantearon el compromiso de transformar de fondo la educaci\u00f3n en Guerrero\u201d, dijo.<\/p>\n\n\n\n<p>En este evento, la mandataria estatal recibi\u00f3 el reconocimiento del representante del CEN del SNTE, de la secretaria general del Suspeg y del secretario general de la Secci\u00f3n 14 del SNTE, quienes enfatizaron su papel como aliada con la educaci\u00f3n.<\/p>\n\n\n\n<p>Durante su participaci\u00f3n, el secretario de Educaci\u00f3n Guerrero, Marcial Rodr\u00edguez Salda\u00f1a reconoci\u00f3 en la gobernadora a una \u201cgran gestora ante el gobierno federal de las demandas de justicia laboral, como una gran aliada del magisterio guerrerense\u201d.<\/p>\n\n\n\n<p>Enseguida la mandataria hizo entrega simb\u00f3lica de est\u00edmulos, preseas y diplomas al personal de la educaci\u00f3n con 30 y 40 a\u00f1os de servicio.<\/p>\n\n\n\n<p>A nombre de los maestros condecorados, los docentes Robert Viveros Merino y Jes\u00fas Lozano Flores agradecieron a la gobernadora todo su apoyo al sector, lo que les ha permitido mejorar sus condiciones laborales. \u201cEs notorio el apoyo que ha tenido el magisterio, la ni\u00f1ez y la juventud estudiosa de Guerrero con el arduo trabajo de la primera gobernadora de la historia de nuestro estado de Guerrero\u201d, expresaron.<\/p>\n\n\n\n<p>Para concluir este acto, la gobernadora encabez\u00f3 la rifa de dos autom\u00f3viles, uno para los maestros del SNTE y otro para los del Suspeg.<\/p>\n\n\n\n<p>En este evento tambi\u00e9n estuvo presente el titular de Sefina, Raymundo Segura Estrada y maestros de las ocho regiones del estado.<\/p>\n\n\n\n<div class=\"wp-block-jetpack-slideshow aligncenter\" data-effect=\"slide\"><div class=\"wp-block-jetpack-slideshow_container swiper-container\"><ul class=\"wp-block-jetpack-slideshow_swiper-wrapper swiper-wrapper\"><li class=\"wp-block-jetpack-slideshow_slide swiper-slide\"><figure><img decoding=\"async\" src=\"data:image\/gif;base64,R0lGODlhAQABAIAAAAAAAP\/\/\/ywAAAAAAQABAAACAUwAOw==\" fifu-lazy=\"1\" fifu-data-sizes=\"auto\" fifu-data-srcset=\"https:\/\/i0.wp.com\/interaccionnoticias.com.mx\/wp-content\/uploads\/2023\/05\/230515-Evelyn-Salgado-5-1024x683.jpg?ssl=1&w=75&resize=75&ssl=1 75w, https:\/\/i0.wp.com\/interaccionnoticias.com.mx\/wp-content\/uploads\/2023\/05\/230515-Evelyn-Salgado-5-1024x683.jpg?ssl=1&w=100&resize=100&ssl=1 100w, https:\/\/i0.wp.com\/interaccionnoticias.com.mx\/wp-content\/uploads\/2023\/05\/230515-Evelyn-Salgado-5-1024x683.jpg?ssl=1&w=150&resize=150&ssl=1 150w, https:\/\/i0.wp.com\/interaccionnoticias.com.mx\/wp-content\/uploads\/2023\/05\/230515-Evelyn-Salgado-5-1024x683.jpg?ssl=1&w=240&resize=240&ssl=1 240w, https:\/\/i0.wp.com\/interaccionnoticias.com.mx\/wp-content\/uploads\/2023\/05\/230515-Evelyn-Salgado-5-1024x683.jpg?ssl=1&w=320&resize=320&ssl=1 320w, https:\/\/i0.wp.com\/interaccionnoticias.com.mx\/wp-content\/uploads\/2023\/05\/230515-Evelyn-Salgado-5-1024x683.jpg?ssl=1&w=500&resize=500&ssl=1 500w, https:\/\/i0.wp.com\/interaccionnoticias.com.mx\/wp-content\/uploads\/2023\/05\/230515-Evelyn-Salgado-5-1024x683.jpg?ssl=1&w=640&resize=640&ssl=1 640w, https:\/\/i0.wp.com\/interaccionnoticias.com.mx\/wp-content\/uploads\/2023\/05\/230515-Evelyn-Salgado-5-1024x683.jpg?ssl=1&w=800&resize=800&ssl=1 800w, https:\/\/i0.wp.com\/interaccionnoticias.com.mx\/wp-content\/uploads\/2023\/05\/230515-Evelyn-Salgado-5-1024x683.jpg?ssl=1&w=1024&resize=1024&ssl=1 1024w, https:\/\/i0.wp.com\/interaccionnoticias.com.mx\/wp-content\/uploads\/2023\/05\/230515-Evelyn-Salgado-5-1024x683.jpg?ssl=1&w=1280&resize=1280&ssl=1 1280w, https:\/\/i0.wp.com\/interaccionnoticias.com.mx\/wp-content\/uploads\/2023\/05\/230515-Evelyn-Salgado-5-1024x683.jpg?ssl=1&w=1600&resize=1600&ssl=1 1600w\" alt=\"\" class=\"wp-block-jetpack-slideshow_image wp-image-61943\" data-id=\"61943\" fifu-data-src=\"https:\/\/i0.wp.com\/interaccionnoticias.com.mx\/wp-content\/uploads\/2023\/05\/230515-Evelyn-Salgado-5-1024x683.jpg?ssl=1\"\/><\/figure><\/li><li class=\"wp-block-jetpack-slideshow_slide swiper-slide\"><figure><img decoding=\"async\" src=\"data:image\/gif;base64,R0lGODlhAQABAIAAAAAAAP\/\/\/ywAAAAAAQABAAACAUwAOw==\" fifu-lazy=\"1\" fifu-data-sizes=\"auto\" fifu-data-srcset=\"https:\/\/i3.wp.com\/interaccionnoticias.com.mx\/wp-content\/uploads\/2023\/05\/230515-Evelyn-Salgado-1-1024x683.jpg?ssl=1&w=75&resize=75&ssl=1 75w, https:\/\/i3.wp.com\/interaccionnoticias.com.mx\/wp-content\/uploads\/2023\/05\/230515-Evelyn-Salgado-1-1024x683.jpg?ssl=1&w=100&resize=100&ssl=1 100w, https:\/\/i3.wp.com\/interaccionnoticias.com.mx\/wp-content\/uploads\/2023\/05\/230515-Evelyn-Salgado-1-1024x683.jpg?ssl=1&w=150&resize=150&ssl=1 150w, https:\/\/i3.wp.com\/interaccionnoticias.com.mx\/wp-content\/uploads\/2023\/05\/230515-Evelyn-Salgado-1-1024x683.jpg?ssl=1&w=240&resize=240&ssl=1 240w, https:\/\/i3.wp.com\/interaccionnoticias.com.mx\/wp-content\/uploads\/2023\/05\/230515-Evelyn-Salgado-1-1024x683.jpg?ssl=1&w=320&resize=320&ssl=1 320w, https:\/\/i3.wp.com\/interaccionnoticias.com.mx\/wp-content\/uploads\/2023\/05\/230515-Evelyn-Salgado-1-1024x683.jpg?ssl=1&w=500&resize=500&ssl=1 500w, https:\/\/i3.wp.com\/interaccionnoticias.com.mx\/wp-content\/uploads\/2023\/05\/230515-Evelyn-Salgado-1-1024x683.jpg?ssl=1&w=640&resize=640&ssl=1 640w, https:\/\/i3.wp.com\/interaccionnoticias.com.mx\/wp-content\/uploads\/2023\/05\/230515-Evelyn-Salgado-1-1024x683.jpg?ssl=1&w=800&resize=800&ssl=1 800w, https:\/\/i3.wp.com\/interaccionnoticias.com.mx\/wp-content\/uploads\/2023\/05\/230515-Evelyn-Salgado-1-1024x683.jpg?ssl=1&w=1024&resize=1024&ssl=1 1024w, https:\/\/i3.wp.com\/interaccionnoticias.com.mx\/wp-content\/uploads\/2023\/05\/230515-Evelyn-Salgado-1-1024x683.jpg?ssl=1&w=1280&resize=1280&ssl=1 1280w, https:\/\/i3.wp.com\/interaccionnoticias.com.mx\/wp-content\/uploads\/2023\/05\/230515-Evelyn-Salgado-1-1024x683.jpg?ssl=1&w=1600&resize=1600&ssl=1 1600w\" alt=\"\" class=\"wp-block-jetpack-slideshow_image wp-image-61944\" data-id=\"61944\" fifu-data-src=\"https:\/\/i3.wp.com\/interaccionnoticias.com.mx\/wp-content\/uploads\/2023\/05\/230515-Evelyn-Salgado-1-1024x683.jpg?ssl=1\"\/><\/figure><\/li><li class=\"wp-block-jetpack-slideshow_slide swiper-slide\"><figure><img decoding=\"async\" src=\"data:image\/gif;base64,R0lGODlhAQABAIAAAAAAAP\/\/\/ywAAAAAAQABAAACAUwAOw==\" fifu-lazy=\"1\" fifu-data-sizes=\"auto\" fifu-data-srcset=\"https:\/\/i2.wp.com\/interaccionnoticias.com.mx\/wp-content\/uploads\/2023\/05\/230515-Evelyn-Salgado-3-1024x683.jpg?ssl=1&w=75&resize=75&ssl=1 75w, https:\/\/i2.wp.com\/interaccionnoticias.com.mx\/wp-content\/uploads\/2023\/05\/230515-Evelyn-Salgado-3-1024x683.jpg?ssl=1&w=100&resize=100&ssl=1 100w, https:\/\/i2.wp.com\/interaccionnoticias.com.mx\/wp-content\/uploads\/2023\/05\/230515-Evelyn-Salgado-3-1024x683.jpg?ssl=1&w=150&resize=150&ssl=1 150w, https:\/\/i2.wp.com\/interaccionnoticias.com.mx\/wp-content\/uploads\/2023\/05\/230515-Evelyn-Salgado-3-1024x683.jpg?ssl=1&w=240&resize=240&ssl=1 240w, https:\/\/i2.wp.com\/interaccionnoticias.com.mx\/wp-content\/uploads\/2023\/05\/230515-Evelyn-Salgado-3-1024x683.jpg?ssl=1&w=320&resize=320&ssl=1 320w, https:\/\/i2.wp.com\/interaccionnoticias.com.mx\/wp-content\/uploads\/2023\/05\/230515-Evelyn-Salgado-3-1024x683.jpg?ssl=1&w=500&resize=500&ssl=1 500w, https:\/\/i2.wp.com\/interaccionnoticias.com.mx\/wp-content\/uploads\/2023\/05\/230515-Evelyn-Salgado-3-1024x683.jpg?ssl=1&w=640&resize=640&ssl=1 640w, https:\/\/i2.wp.com\/interaccionnoticias.com.mx\/wp-content\/uploads\/2023\/05\/230515-Evelyn-Salgado-3-1024x683.jpg?ssl=1&w=800&resize=800&ssl=1 800w, https:\/\/i2.wp.com\/interaccionnoticias.com.mx\/wp-content\/uploads\/2023\/05\/230515-Evelyn-Salgado-3-1024x683.jpg?ssl=1&w=1024&resize=1024&ssl=1 1024w, https:\/\/i2.wp.com\/interaccionnoticias.com.mx\/wp-content\/uploads\/2023\/05\/230515-Evelyn-Salgado-3-1024x683.jpg?ssl=1&w=1280&resize=1280&ssl=1 1280w, https:\/\/i2.wp.com\/interaccionnoticias.com.mx\/wp-content\/uploads\/2023\/05\/230515-Evelyn-Salgado-3-1024x683.jpg?ssl=1&w=1600&resize=1600&ssl=1 1600w\" alt=\"\" class=\"wp-block-jetpack-slideshow_image wp-image-61941\" data-id=\"61941\" fifu-data-src=\"https:\/\/i2.wp.com\/interaccionnoticias.com.mx\/wp-content\/uploads\/2023\/05\/230515-Evelyn-Salgado-3-1024x683.jpg?ssl=1\"\/><\/figure><\/li><li class=\"wp-block-jetpack-slideshow_slide swiper-slide\"><figure><img decoding=\"async\" src=\"data:image\/gif;base64,R0lGODlhAQABAIAAAAAAAP\/\/\/ywAAAAAAQABAAACAUwAOw==\" fifu-lazy=\"1\" fifu-data-sizes=\"auto\" fifu-data-srcset=\"https:\/\/i2.wp.com\/interaccionnoticias.com.mx\/wp-content\/uploads\/2023\/05\/230515-Evelyn-Salgado-4-1024x683.jpg?ssl=1&w=75&resize=75&ssl=1 75w, https:\/\/i2.wp.com\/interaccionnoticias.com.mx\/wp-content\/uploads\/2023\/05\/230515-Evelyn-Salgado-4-1024x683.jpg?ssl=1&w=100&resize=100&ssl=1 100w, https:\/\/i2.wp.com\/interaccionnoticias.com.mx\/wp-content\/uploads\/2023\/05\/230515-Evelyn-Salgado-4-1024x683.jpg?ssl=1&w=150&resize=150&ssl=1 150w, https:\/\/i2.wp.com\/interaccionnoticias.com.mx\/wp-content\/uploads\/2023\/05\/230515-Evelyn-Salgado-4-1024x683.jpg?ssl=1&w=240&resize=240&ssl=1 240w, https:\/\/i2.wp.com\/interaccionnoticias.com.mx\/wp-content\/uploads\/2023\/05\/230515-Evelyn-Salgado-4-1024x683.jpg?ssl=1&w=320&resize=320&ssl=1 320w, https:\/\/i2.wp.com\/interaccionnoticias.com.mx\/wp-content\/uploads\/2023\/05\/230515-Evelyn-Salgado-4-1024x683.jpg?ssl=1&w=500&resize=500&ssl=1 500w, https:\/\/i2.wp.com\/interaccionnoticias.com.mx\/wp-content\/uploads\/2023\/05\/230515-Evelyn-Salgado-4-1024x683.jpg?ssl=1&w=640&resize=640&ssl=1 640w, https:\/\/i2.wp.com\/interaccionnoticias.com.mx\/wp-content\/uploads\/2023\/05\/230515-Evelyn-Salgado-4-1024x683.jpg?ssl=1&w=800&resize=800&ssl=1 800w, https:\/\/i2.wp.com\/interaccionnoticias.com.mx\/wp-content\/uploads\/2023\/05\/230515-Evelyn-Salgado-4-1024x683.jpg?ssl=1&w=1024&resize=1024&ssl=1 1024w, https:\/\/i2.wp.com\/interaccionnoticias.com.mx\/wp-content\/uploads\/2023\/05\/230515-Evelyn-Salgado-4-1024x683.jpg?ssl=1&w=1280&resize=1280&ssl=1 1280w, https:\/\/i2.wp.com\/interaccionnoticias.com.mx\/wp-content\/uploads\/2023\/05\/230515-Evelyn-Salgado-4-1024x683.jpg?ssl=1&w=1600&resize=1600&ssl=1 1600w\" alt=\"\" class=\"wp-block-jetpack-slideshow_image wp-image-61942\" data-id=\"61942\" fifu-data-src=\"https:\/\/i2.wp.com\/interaccionnoticias.com.mx\/wp-content\/uploads\/2023\/05\/230515-Evelyn-Salgado-4-1024x683.jpg?ssl=1\"\/><\/figure><\/li><li class=\"wp-block-jetpack-slideshow_slide swiper-slide\"><figure><img decoding=\"async\" src=\"data:image\/gif;base64,R0lGODlhAQABAIAAAAAAAP\/\/\/ywAAAAAAQABAAACAUwAOw==\" fifu-lazy=\"1\" fifu-data-sizes=\"auto\" fifu-data-srcset=\"https:\/\/i0.wp.com\/interaccionnoticias.com.mx\/wp-content\/uploads\/2023\/05\/230515-Evelyn-Salgado-2-1024x683.jpg?ssl=1&w=75&resize=75&ssl=1 75w, https:\/\/i0.wp.com\/interaccionnoticias.com.mx\/wp-content\/uploads\/2023\/05\/230515-Evelyn-Salgado-2-1024x683.jpg?ssl=1&w=100&resize=100&ssl=1 100w, https:\/\/i0.wp.com\/interaccionnoticias.com.mx\/wp-content\/uploads\/2023\/05\/230515-Evelyn-Salgado-2-1024x683.jpg?ssl=1&w=150&resize=150&ssl=1 150w, https:\/\/i0.wp.com\/interaccionnoticias.com.mx\/wp-content\/uploads\/2023\/05\/230515-Evelyn-Salgado-2-1024x683.jpg?ssl=1&w=240&resize=240&ssl=1 240w, https:\/\/i0.wp.com\/interaccionnoticias.com.mx\/wp-content\/uploads\/2023\/05\/230515-Evelyn-Salgado-2-1024x683.jpg?ssl=1&w=320&resize=320&ssl=1 320w, https:\/\/i0.wp.com\/interaccionnoticias.com.mx\/wp-content\/uploads\/2023\/05\/230515-Evelyn-Salgado-2-1024x683.jpg?ssl=1&w=500&resize=500&ssl=1 500w, https:\/\/i0.wp.com\/interaccionnoticias.com.mx\/wp-content\/uploads\/2023\/05\/230515-Evelyn-Salgado-2-1024x683.jpg?ssl=1&w=640&resize=640&ssl=1 640w, https:\/\/i0.wp.com\/interaccionnoticias.com.mx\/wp-content\/uploads\/2023\/05\/230515-Evelyn-Salgado-2-1024x683.jpg?ssl=1&w=800&resize=800&ssl=1 800w, https:\/\/i0.wp.com\/interaccionnoticias.com.mx\/wp-content\/uploads\/2023\/05\/230515-Evelyn-Salgado-2-1024x683.jpg?ssl=1&w=1024&resize=1024&ssl=1 1024w, https:\/\/i0.wp.com\/interaccionnoticias.com.mx\/wp-content\/uploads\/2023\/05\/230515-Evelyn-Salgado-2-1024x683.jpg?ssl=1&w=1280&resize=1280&ssl=1 1280w, https:\/\/i0.wp.com\/interaccionnoticias.com.mx\/wp-content\/uploads\/2023\/05\/230515-Evelyn-Salgado-2-1024x683.jpg?ssl=1&w=1600&resize=1600&ssl=1 1600w\" alt=\"\" class=\"wp-block-jetpack-slideshow_image wp-image-61940\" data-id=\"61940\" fifu-data-src=\"https:\/\/i0.wp.com\/interaccionnoticias.com.mx\/wp-content\/uploads\/2023\/05\/230515-Evelyn-Salgado-2-1024x683.jpg?ssl=1\"\/><\/figure><\/li><\/ul><a class=\"wp-block-jetpack-slideshow_button-prev swiper-button-prev swiper-button-white\" role=\"button\"><\/a><a class=\"wp-block-jetpack-slideshow_button-next swiper-button-next swiper-button-white\" role=\"button\"><\/a><a aria-label=\"Pause Slideshow\" class=\"wp-block-jetpack-slideshow_button-pause\" role=\"button\"><\/a><div class=\"wp-block-jetpack-slideshow_pagination swiper-pagination swiper-pagination-white\"><\/div><\/div><\/div>\n","protected":false},"excerpt":{"rendered":"<p>&#8212; Encabeza la mandataria el festejo por el D\u00eda de la Maestra y el Maestro en Acapulco y entrega reconocimientos a la trayectoria a docentes con 30 y 40 a\u00f1os&hellip; <\/p>\n","protected":false},"author":19,"featured_media":61944,"comment_status":"open","ping_status":"open","sticky":false,"template":"","format":"standard","meta":{"fifu_image_url":"","fifu_image_alt":"","footnotes":""},"categories":[11],"tags":[],"class_list":["post-61939","post","type-post","status-publish","format-standard","has-post-thumbnail","hentry","category-guerrero"],"_links":{"self":[{"href":"https:\/\/www.interaccionnoticias.com.mx\/index.php?rest_route=\/wp\/v2\/posts\/61939","targetHints":{"allow":["GET"]}}],"collection":[{"href":"https:\/\/www.interaccionnoticias.com.mx\/index.php?rest_route=\/wp\/v2\/posts"}],"about":[{"href":"https:\/\/www.interaccionnoticias.com.mx\/index.php?rest_route=\/wp\/v2\/types\/post"}],"author":[{"embeddable":true,"href":"https:\/\/www.interaccionnoticias.com.mx\/index.php?rest_route=\/wp\/v2\/users\/19"}],"replies":[{"embeddable":true,"href":"https:\/\/www.interaccionnoticias.com.mx\/index.php?rest_route=%2Fwp%2Fv2%2Fcomments&post=61939"}],"version-history":[{"count":1,"href":"https:\/\/www.interaccionnoticias.com.mx\/index.php?rest_route=\/wp\/v2\/posts\/61939\/revisions"}],"predecessor-version":[{"id":61945,"href":"https:\/\/www.interaccionnoticias.com.mx\/index.php?rest_route=\/wp\/v2\/posts\/61939\/revisions\/61945"}],"wp:featuredmedia":[{"embeddable":true,"href":"https:\/\/www.interaccionnoticias.com.mx\/index.php?rest_route=\/wp\/v2\/media\/61944"}],"wp:attachment":[{"href":"https:\/\/www.interaccionnoticias.com.mx\/index.php?rest_route=%2Fwp%2Fv2%2Fmedia&parent=61939"}],"wp:term":[{"taxonomy":"category","embeddable":true,"href":"https:\/\/www.interaccionnoticias.com.mx\/index.php?rest_route=%2Fwp%2Fv2%2Fcategories&post=61939"},{"taxonomy":"post_tag","embeddable":true,"href":"https:\/\/www.interaccionnoticias.com.mx\/index.php?rest_route=%2Fwp%2Fv2%2Ftags&post=61939"}],"curies":[{"name":"wp","href":"https:\/\/api.w.org\/{rel}","templated":true}]}}