{"id":61931,"date":"2023-05-15T19:37:30","date_gmt":"2023-05-16T00:37:30","guid":{"rendered":"https:\/\/interaccionnoticias.com.mx\/?p=61931"},"modified":"2023-05-15T19:37:35","modified_gmt":"2023-05-16T00:37:35","slug":"el-19-de-mayo-se-presentara-la-conferencia-con-marcus-dantus-para-emprendedores-inge","status":"publish","type":"post","link":"https:\/\/www.interaccionnoticias.com.mx\/?p=61931","title":{"rendered":"El 19 de mayo se presentar\u00e1 la conferencia con Marcus Dantus para emprendedores: INGE"},"content":{"rendered":"\n<p><strong><em>En el Auditorio Jos\u00e9 Joaqu\u00edn de Herrera, del Palacio de Gobierno<\/em><\/strong><\/p>\n\n\n\n<p><strong>Chilpancingo, Gro., 15 de mayo de 2023.- <\/strong>El Gobierno del Estado, a trav\u00e9s del Instituto Guerrerense del Emprendedor (INGE) llevar\u00e1n a cabo el 19 de mayo la conferencia magistral con Marcus Dantus, reconocido emprendedor e inversionista mexicano, en el Auditorio Jos\u00e9 Joaqu\u00edn de Herrera, del Palacio de Gobierno.<\/p>\n\n\n\n<p>El director general del INGE, Geovanny Navarro Castorena dijo que la conferencia se realizar\u00e1 a las 10:00 horas y va dirigida a emprendedores y forma parte de las actividades del Concurso Emprende-Edu 2023 que se realizar\u00e1 el 18 de mayo, donde participaran las 8 regiones del estado con sus equipos finalistas.<\/p>\n\n\n\n<p>Navarro Castorena expres\u00f3 que, gracias al apoyo de la gobernadora, Evelyn Salgado Pineda se logr\u00f3 traer a este importante conferencista, quien compartir\u00e1 sus experiencias sobre negocios que ayudar\u00e1 a motivar a los nuevos a talentos guerrerenses a emprender nuevos proyectos.<\/p>\n\n\n\n<p>El conferencista Marcus Dantus, es uno de los principales desarrolladores del ecosistema de emprendimiento, innovaci\u00f3n y alta tecnolog\u00eda en M\u00e9xico y fundador y presidente de Startup M\u00e9xico y socio de DUX partners VC.<\/p>\n\n\n\n<p>El Startup M\u00e9xico, es una organizaci\u00f3n l\u00edder en M\u00e9xico que promueve la innovaci\u00f3n, la cultura emprendedora y el desarrollo econ\u00f3mico, a nivel local e internacional. Apoyan a Startups prometedoras de alto impacto, proporcion\u00e1ndoles espacio f\u00edsico, mentores, talleres, financiamiento y un ecosistema de servicios profesionales&nbsp;cr\u00edticos.<\/p>\n","protected":false},"excerpt":{"rendered":"<p>En el Auditorio Jos\u00e9 Joaqu\u00edn de Herrera, del Palacio de Gobierno Chilpancingo, Gro., 15 de mayo de 2023.- El Gobierno del Estado, a trav\u00e9s del Instituto Guerrerense del Emprendedor (INGE)&hellip; <\/p>\n","protected":false},"author":19,"featured_media":61932,"comment_status":"open","ping_status":"open","sticky":false,"template":"","format":"standard","meta":{"fifu_image_url":"","fifu_image_alt":"","footnotes":""},"categories":[11],"tags":[],"class_list":["post-61931","post","type-post","status-publish","format-standard","has-post-thumbnail","hentry","category-guerrero"],"_links":{"self":[{"href":"https:\/\/www.interaccionnoticias.com.mx\/index.php?rest_route=\/wp\/v2\/posts\/61931","targetHints":{"allow":["GET"]}}],"collection":[{"href":"https:\/\/www.interaccionnoticias.com.mx\/index.php?rest_route=\/wp\/v2\/posts"}],"about":[{"href":"https:\/\/www.interaccionnoticias.com.mx\/index.php?rest_route=\/wp\/v2\/types\/post"}],"author":[{"embeddable":true,"href":"https:\/\/www.interaccionnoticias.com.mx\/index.php?rest_route=\/wp\/v2\/users\/19"}],"replies":[{"embeddable":true,"href":"https:\/\/www.interaccionnoticias.com.mx\/index.php?rest_route=%2Fwp%2Fv2%2Fcomments&post=61931"}],"version-history":[{"count":1,"href":"https:\/\/www.interaccionnoticias.com.mx\/index.php?rest_route=\/wp\/v2\/posts\/61931\/revisions"}],"predecessor-version":[{"id":61933,"href":"https:\/\/www.interaccionnoticias.com.mx\/index.php?rest_route=\/wp\/v2\/posts\/61931\/revisions\/61933"}],"wp:featuredmedia":[{"embeddable":true,"href":"https:\/\/www.interaccionnoticias.com.mx\/index.php?rest_route=\/wp\/v2\/media\/61932"}],"wp:attachment":[{"href":"https:\/\/www.interaccionnoticias.com.mx\/index.php?rest_route=%2Fwp%2Fv2%2Fmedia&parent=61931"}],"wp:term":[{"taxonomy":"category","embeddable":true,"href":"https:\/\/www.interaccionnoticias.com.mx\/index.php?rest_route=%2Fwp%2Fv2%2Fcategories&post=61931"},{"taxonomy":"post_tag","embeddable":true,"href":"https:\/\/www.interaccionnoticias.com.mx\/index.php?rest_route=%2Fwp%2Fv2%2Ftags&post=61931"}],"curies":[{"name":"wp","href":"https:\/\/api.w.org\/{rel}","templated":true}]}}