{"id":61928,"date":"2023-05-15T15:26:05","date_gmt":"2023-05-15T20:26:05","guid":{"rendered":"https:\/\/interaccionnoticias.com.mx\/?p=61928"},"modified":"2023-05-15T15:26:10","modified_gmt":"2023-05-15T20:26:10","slug":"anuncia-cipog-ez-bloqueo-de-carreteras-en-la-region-montana","status":"publish","type":"post","link":"https:\/\/www.interaccionnoticias.com.mx\/?p=61928","title":{"rendered":"Anuncia CIPOG-EZ bloqueo de carreteras en la Regi\u00f3n Monta\u00f1a"},"content":{"rendered":"\n<p><strong><em>&#8212; Ante el incumplimiento de compromisos<\/em><\/strong><\/p>\n\n\n\n<p><strong>Jes\u00fas Dorantes<\/strong><\/p>\n\n\n\n<p><strong>Chilpancingo, Gro.- <\/strong>El Consejo Ind\u00edgena y Popular de Guerrero \u2013 Emiliano Zapata (CIPOG-EZ) anunci\u00f3 el cierre de las carreteras que conectan a la Monta\u00f1a Baja y Alta del Estado, ante el cumplimiento de compromisos pactados con el Gobierno de Guerrero.<\/p>\n\n\n\n<p>Mediante un comunicado emitido la ma\u00f1ana del lunes, el CIPOG-EZ anunci\u00f3 que el cierre de los caminos ser\u00e1 permanente, una vez que retomen la ruta de la protesta.<\/p>\n\n\n\n<p>\u201cNo nos vamos a retirar de los bloqueos, vamos a exigir se cumpla con lo pactado y se haga respetar la vida Digna de los Pobladores Ind\u00edgenas\u201d, advirti\u00f3 su dirigente, Jes\u00fas Placido Galindo.<\/p>\n\n\n\n<p>En el texto tambi\u00e9n se anuncia que dicha protesta se realizar\u00e1 ante la falta de respuesta de \u201ctodos y cada una de sus instituciones pertenecientes al Gobierno\u201d, como lo es la construcci\u00f3n de un hospital regional, albergues, carreteras.<\/p>\n\n\n\n<p>Adem\u00e1s de que no se han cumplido con la entrega de proyectos por parte del Programa para el Bienestar Integral de los Pueblos Ind\u00edgenas.<\/p>\n\n\n\n<p>En lo que corresponde al tema de seguridad, el Consejo Ind\u00edgena en su comunicado denuncia que se siguen cometiendo \u201cdelitos en contra de los pobladores de las comunidades ind\u00edgenas, extorciones, asesinatos, desplazados y desaparecidos\u201d.<\/p>\n\n\n\n<p>Acusan a las autoridades de proteger al grupo criminal de los Ardillos en la parte en que se\u00f1alan: \u201cLa Polic\u00eda Estatal y La Guardia nacional son c\u00f3mplices de este exterminio de que sufrimos las comunidades ind\u00edgenas, ya que sirven a los mismos narcotraficantes LOS ARDILLOS y LOS ROJOS, por lo tanto, no son aptos para brindar seguridad a los pobladores\u201d.<\/p>\n","protected":false},"excerpt":{"rendered":"<p>&#8212; Ante el incumplimiento de compromisos Jes\u00fas Dorantes Chilpancingo, Gro.- El Consejo Ind\u00edgena y Popular de Guerrero \u2013 Emiliano Zapata (CIPOG-EZ) anunci\u00f3 el cierre de las carreteras que conectan a&hellip; <\/p>\n","protected":false},"author":8,"featured_media":61929,"comment_status":"open","ping_status":"open","sticky":false,"template":"","format":"standard","meta":{"fifu_image_url":"","fifu_image_alt":"","footnotes":""},"categories":[15],"tags":[],"class_list":["post-61928","post","type-post","status-publish","format-standard","has-post-thumbnail","hentry","category-movimientos-sociales"],"_links":{"self":[{"href":"https:\/\/www.interaccionnoticias.com.mx\/index.php?rest_route=\/wp\/v2\/posts\/61928","targetHints":{"allow":["GET"]}}],"collection":[{"href":"https:\/\/www.interaccionnoticias.com.mx\/index.php?rest_route=\/wp\/v2\/posts"}],"about":[{"href":"https:\/\/www.interaccionnoticias.com.mx\/index.php?rest_route=\/wp\/v2\/types\/post"}],"author":[{"embeddable":true,"href":"https:\/\/www.interaccionnoticias.com.mx\/index.php?rest_route=\/wp\/v2\/users\/8"}],"replies":[{"embeddable":true,"href":"https:\/\/www.interaccionnoticias.com.mx\/index.php?rest_route=%2Fwp%2Fv2%2Fcomments&post=61928"}],"version-history":[{"count":1,"href":"https:\/\/www.interaccionnoticias.com.mx\/index.php?rest_route=\/wp\/v2\/posts\/61928\/revisions"}],"predecessor-version":[{"id":61930,"href":"https:\/\/www.interaccionnoticias.com.mx\/index.php?rest_route=\/wp\/v2\/posts\/61928\/revisions\/61930"}],"wp:featuredmedia":[{"embeddable":true,"href":"https:\/\/www.interaccionnoticias.com.mx\/index.php?rest_route=\/wp\/v2\/media\/61929"}],"wp:attachment":[{"href":"https:\/\/www.interaccionnoticias.com.mx\/index.php?rest_route=%2Fwp%2Fv2%2Fmedia&parent=61928"}],"wp:term":[{"taxonomy":"category","embeddable":true,"href":"https:\/\/www.interaccionnoticias.com.mx\/index.php?rest_route=%2Fwp%2Fv2%2Fcategories&post=61928"},{"taxonomy":"post_tag","embeddable":true,"href":"https:\/\/www.interaccionnoticias.com.mx\/index.php?rest_route=%2Fwp%2Fv2%2Ftags&post=61928"}],"curies":[{"name":"wp","href":"https:\/\/api.w.org\/{rel}","templated":true}]}}