{"id":61922,"date":"2023-05-15T15:21:01","date_gmt":"2023-05-15T20:21:01","guid":{"rendered":"https:\/\/interaccionnoticias.com.mx\/?p=61922"},"modified":"2023-05-15T15:21:06","modified_gmt":"2023-05-15T20:21:06","slug":"habitantes-de-la-colonia-1-de-mayo-protestan-en-palacio-de-gobierno","status":"publish","type":"post","link":"https:\/\/www.interaccionnoticias.com.mx\/?p=61922","title":{"rendered":"Habitantes de la colonia 1 de Mayo protestan en Palacio de Gobierno"},"content":{"rendered":"\n<p><strong><em>&#8212; Exigen la entrega de un dictamen de riesgo por parte de Protecci\u00f3n Civil<\/em><\/strong><\/p>\n\n\n\n<p><strong>Jes\u00fas Dorantes<\/strong><\/p>\n\n\n\n<p><strong>Chilpancingo, Gro.-<\/strong> Habitantes de la colonia Ampliaci\u00f3n 1 de Mayo se manifestaron en el Recinto Oficial del Poder Ejecutivo, para exigir se le entregue el dictamen de riesgo de Protecci\u00f3n Civil, que es fundamental para que se les autorice la reubicaci\u00f2n.<\/p>\n\n\n\n<p>En el intento por captar la atenci\u00f3n de las autoridades, los habitantes del citadp asentamiento humano cerraron durante media hora el boulevard Ren\u00e9 Ju\u00e1rez Cisneros.<\/p>\n\n\n\n<p>La ma\u00f1ana del lunes, un grupo de 40 vecinos de la referida colonia se trasladaron hasta el Palacio de Gobierno, d\u00f3nde cortaron la circulaci\u00f3n vehicular en los sentidos norte-sur.<\/p>\n\n\n\n<p>El l\u00edder del Comit\u00e9 de Afectados, Asunci\u00f3n Rodr\u00edguez Flores dio a conocer que al no acudir las autoridades estatales a sus hogares, decidieron acudir a las oficinas del Poder Ejecutivo, para exigir que la gobernadora Evelyn Salgado Pineda atienda su caso.<\/p>\n\n\n\n<p>Al igual que lo hicieron ante el ex gobernador Zeferino Torreblanca Galindo, en 2007, dentro de su pliego de peticiones se encuentra la construcci\u00f3n de un muro de contenci\u00f3n y la reubicaci\u00f3n de la colonia en otro lugar m\u00e1s seguro.<\/p>\n\n\n\n<p>Por eso, nuevamente hicieron un llamado a mandataria estatal para que entregue el dictamen de riesgo, de lo contrario, amagaron con cerrar la Autopista del Sol.<\/p>\n","protected":false},"excerpt":{"rendered":"<p>&#8212; Exigen la entrega de un dictamen de riesgo por parte de Protecci\u00f3n Civil Jes\u00fas Dorantes Chilpancingo, Gro.- Habitantes de la colonia Ampliaci\u00f3n 1 de Mayo se manifestaron en el&hellip; <\/p>\n","protected":false},"author":8,"featured_media":61923,"comment_status":"open","ping_status":"open","sticky":false,"template":"","format":"standard","meta":{"fifu_image_url":"","fifu_image_alt":"","footnotes":""},"categories":[13],"tags":[],"class_list":["post-61922","post","type-post","status-publish","format-standard","has-post-thumbnail","hentry","category-capital"],"_links":{"self":[{"href":"https:\/\/www.interaccionnoticias.com.mx\/index.php?rest_route=\/wp\/v2\/posts\/61922","targetHints":{"allow":["GET"]}}],"collection":[{"href":"https:\/\/www.interaccionnoticias.com.mx\/index.php?rest_route=\/wp\/v2\/posts"}],"about":[{"href":"https:\/\/www.interaccionnoticias.com.mx\/index.php?rest_route=\/wp\/v2\/types\/post"}],"author":[{"embeddable":true,"href":"https:\/\/www.interaccionnoticias.com.mx\/index.php?rest_route=\/wp\/v2\/users\/8"}],"replies":[{"embeddable":true,"href":"https:\/\/www.interaccionnoticias.com.mx\/index.php?rest_route=%2Fwp%2Fv2%2Fcomments&post=61922"}],"version-history":[{"count":1,"href":"https:\/\/www.interaccionnoticias.com.mx\/index.php?rest_route=\/wp\/v2\/posts\/61922\/revisions"}],"predecessor-version":[{"id":61924,"href":"https:\/\/www.interaccionnoticias.com.mx\/index.php?rest_route=\/wp\/v2\/posts\/61922\/revisions\/61924"}],"wp:featuredmedia":[{"embeddable":true,"href":"https:\/\/www.interaccionnoticias.com.mx\/index.php?rest_route=\/wp\/v2\/media\/61923"}],"wp:attachment":[{"href":"https:\/\/www.interaccionnoticias.com.mx\/index.php?rest_route=%2Fwp%2Fv2%2Fmedia&parent=61922"}],"wp:term":[{"taxonomy":"category","embeddable":true,"href":"https:\/\/www.interaccionnoticias.com.mx\/index.php?rest_route=%2Fwp%2Fv2%2Fcategories&post=61922"},{"taxonomy":"post_tag","embeddable":true,"href":"https:\/\/www.interaccionnoticias.com.mx\/index.php?rest_route=%2Fwp%2Fv2%2Ftags&post=61922"}],"curies":[{"name":"wp","href":"https:\/\/api.w.org\/{rel}","templated":true}]}}