{"id":61918,"date":"2023-05-14T21:41:50","date_gmt":"2023-05-15T02:41:50","guid":{"rendered":"https:\/\/interaccionnoticias.com.mx\/?p=61918"},"modified":"2023-05-14T21:41:55","modified_gmt":"2023-05-15T02:41:55","slug":"invalidan-los-titulos-de-dos-egresados-de-la-facultad-de-medicina-de-la-uagro","status":"publish","type":"post","link":"https:\/\/www.interaccionnoticias.com.mx\/?p=61918","title":{"rendered":"Invalidan los titulos de dos egresados de la Facultad de Medicina de la UAGro"},"content":{"rendered":"\n<p><em><strong>&#8212; Reprobaron sus ex\u00e1menes profesionales, pero por error se les entreg\u00f3 una constancia de aprobaci\u00f3n<br>&#8212; Ya hay una investigaci\u00f3n en marcha<br>&#8212; El caso es in\u00e9dito, en la Facultad de Medicina y la UAGro<\/strong><\/em><\/p>\n\n\n\n<p><strong>Rogelio Agust\u00edn<\/strong><\/p>\n\n\n\n<p>La direcci\u00f3n de la Facultad de Medicina de la Universidad Aut\u00f3noma de Guerrero (UAGro) solicit\u00f3 la invalidaci\u00f3n de las actas de los ex\u00e1menes profesionales de los egresados Luciano Cruz Morales y Erick Ren\u00e9 Mill\u00e1n, porque no los aprobaron y de manera \u201cerronea\u201d se les consideraba como aprobados.<\/p>\n\n\n\n<p>La informaci\u00f3n fue proporcionada por el director de la Facultad de Medicina, Jos\u00e9 \u00c1lvarez Ch\u00e1vez, quien solicit\u00f3 a la Direcci\u00f3n de Administraci\u00f3n Escolar de la m\u00e1xima casa de estudios, la invalidaci\u00f3n de las actas de examen profesional de Cruz Morales y Ren\u00e9 Mill\u00e1n.<\/p>\n\n\n\n<p>De acuerdo con la informaci\u00f3n que se tiene, el caso es in\u00e9dito no solo en la facultad de referencia, tambi\u00e9n en la instituci\u00f3n<\/p>\n\n\n\n<p>La medida fue adoptada a partir de que los egresados no aprobaron el examen profesional, pero debido a un error de captura de datos, las actas se les expidieron como si los hubieran aprobado.<\/p>\n\n\n\n<p>\u00c1lvarez Ch\u00e1vez inform\u00f3 que fue en los primeros d\u00edas de mayo que en la Facultad comenz\u00f3 la revisi\u00f3n de actas de examen profesional, de tal suerte que al encontrarse la irregularidad se hizo el apunte correspondiente.<\/p>\n\n\n\n<p>Indic\u00f3 que los dos ex estudiantes de Medicina hab\u00edan hecho el examen profesional te\u00f3rico-pr\u00e1ctico el mismo d\u00eda, 30 de junio del a\u00f1o pasado y no lo aprobaron.<\/p>\n\n\n\n<p>Indic\u00f3 que el error en la captura se est\u00e1 investigando, ya que de manera inexplicable se puso en el acta que s\u00ed hab\u00edan aprobado.<\/p>\n\n\n\n<p>Detall\u00f3 que la investigaci\u00f3n inici\u00f3 cuando se conoci\u00f3 que Luciano Cruz ten\u00eda un documento que dec\u00eda que hab\u00eda aprobado el examen, situaci\u00f3n que gener\u00f3 sospechas, ya que en su condici\u00f3n de alumno hab\u00eda reprobado 9 de las principales materias de la carrera de Medicina.<\/p>\n\n\n\n<p>Estableci\u00f3 que resultaba imposible que aprobaran el dif\u00edcil examen te\u00f3rico-pr\u00e1ctico de todas las materias en un solo examen, por lo que al revisar confirmaron que efectivamente, no lo hab\u00eda aprobado, ni \u00e9l Luciano ni Erick Ren\u00e9.<\/p>\n\n\n\n<p>En un comunicado que se difundi\u00f3 la noche del domingo, se anota que los tr\u00e1mites que amnos egresados hayan hecho de manera posterior a la evaluaci\u00f3n no son v\u00e1lidos, pues lo que sigue es la invalidaci\u00f3n de sus t\u00edtulos profesionales de la licenciatura en Medicina.<\/p>\n\n\n\n<p>Los procedimientos surtir\u00e1n efecto en la UAGro y en la Direcci\u00f3n de Profesiones del Gobierno Federal.<\/p>\n\n\n\n<figure class=\"wp-block-gallery columns-1 is-cropped wp-block-gallery-1 is-layout-flex wp-block-gallery-is-layout-flex\"><ul class=\"blocks-gallery-grid\"><li class=\"blocks-gallery-item\"><figure><img decoding=\"async\" src=\"data:image\/gif;base64,R0lGODlhAQABAIAAAAAAAP\/\/\/ywAAAAAAQABAAACAUwAOw==\" fifu-lazy=\"1\" fifu-data-sizes=\"auto\" fifu-data-srcset=\"https:\/\/i1.wp.com\/interaccionnoticias.com.mx\/wp-content\/uploads\/2023\/05\/230514-UAGRO-TITULOS-805x1024.jpg?ssl=1&w=75&resize=75&ssl=1 75w, https:\/\/i1.wp.com\/interaccionnoticias.com.mx\/wp-content\/uploads\/2023\/05\/230514-UAGRO-TITULOS-805x1024.jpg?ssl=1&w=100&resize=100&ssl=1 100w, https:\/\/i1.wp.com\/interaccionnoticias.com.mx\/wp-content\/uploads\/2023\/05\/230514-UAGRO-TITULOS-805x1024.jpg?ssl=1&w=150&resize=150&ssl=1 150w, https:\/\/i1.wp.com\/interaccionnoticias.com.mx\/wp-content\/uploads\/2023\/05\/230514-UAGRO-TITULOS-805x1024.jpg?ssl=1&w=240&resize=240&ssl=1 240w, https:\/\/i1.wp.com\/interaccionnoticias.com.mx\/wp-content\/uploads\/2023\/05\/230514-UAGRO-TITULOS-805x1024.jpg?ssl=1&w=320&resize=320&ssl=1 320w, https:\/\/i1.wp.com\/interaccionnoticias.com.mx\/wp-content\/uploads\/2023\/05\/230514-UAGRO-TITULOS-805x1024.jpg?ssl=1&w=500&resize=500&ssl=1 500w, https:\/\/i1.wp.com\/interaccionnoticias.com.mx\/wp-content\/uploads\/2023\/05\/230514-UAGRO-TITULOS-805x1024.jpg?ssl=1&w=640&resize=640&ssl=1 640w, https:\/\/i1.wp.com\/interaccionnoticias.com.mx\/wp-content\/uploads\/2023\/05\/230514-UAGRO-TITULOS-805x1024.jpg?ssl=1&w=800&resize=800&ssl=1 800w, https:\/\/i1.wp.com\/interaccionnoticias.com.mx\/wp-content\/uploads\/2023\/05\/230514-UAGRO-TITULOS-805x1024.jpg?ssl=1&w=1024&resize=1024&ssl=1 1024w, https:\/\/i1.wp.com\/interaccionnoticias.com.mx\/wp-content\/uploads\/2023\/05\/230514-UAGRO-TITULOS-805x1024.jpg?ssl=1&w=1280&resize=1280&ssl=1 1280w, https:\/\/i1.wp.com\/interaccionnoticias.com.mx\/wp-content\/uploads\/2023\/05\/230514-UAGRO-TITULOS-805x1024.jpg?ssl=1&w=1600&resize=1600&ssl=1 1600w\" fifu-data-src=\"https:\/\/i1.wp.com\/interaccionnoticias.com.mx\/wp-content\/uploads\/2023\/05\/230514-UAGRO-TITULOS-805x1024.jpg?ssl=1\" alt=\"\" data-id=\"61920\" data-full-url=\"https:\/\/interaccionnoticias.com.mx\/wp-content\/uploads\/2023\/05\/230514-UAGRO-TITULOS.jpg\" data-link=\"https:\/\/interaccionnoticias.com.mx\/?attachment_id=61920\" class=\"wp-image-61920\"\/><\/figure><\/li><\/ul><\/figure>\n","protected":false},"excerpt":{"rendered":"<p>&#8212; Reprobaron sus ex\u00e1menes profesionales, pero por error se les entreg\u00f3 una constancia de aprobaci\u00f3n&#8212; Ya hay una investigaci\u00f3n en marcha&#8212; El caso es in\u00e9dito, en la Facultad de Medicina&hellip; <\/p>\n","protected":false},"author":21,"featured_media":61919,"comment_status":"open","ping_status":"open","sticky":false,"template":"","format":"standard","meta":{"fifu_image_url":"","fifu_image_alt":"","footnotes":""},"categories":[30],"tags":[],"class_list":["post-61918","post","type-post","status-publish","format-standard","has-post-thumbnail","hentry","category-universidad"],"_links":{"self":[{"href":"https:\/\/www.interaccionnoticias.com.mx\/index.php?rest_route=\/wp\/v2\/posts\/61918","targetHints":{"allow":["GET"]}}],"collection":[{"href":"https:\/\/www.interaccionnoticias.com.mx\/index.php?rest_route=\/wp\/v2\/posts"}],"about":[{"href":"https:\/\/www.interaccionnoticias.com.mx\/index.php?rest_route=\/wp\/v2\/types\/post"}],"author":[{"embeddable":true,"href":"https:\/\/www.interaccionnoticias.com.mx\/index.php?rest_route=\/wp\/v2\/users\/21"}],"replies":[{"embeddable":true,"href":"https:\/\/www.interaccionnoticias.com.mx\/index.php?rest_route=%2Fwp%2Fv2%2Fcomments&post=61918"}],"version-history":[{"count":1,"href":"https:\/\/www.interaccionnoticias.com.mx\/index.php?rest_route=\/wp\/v2\/posts\/61918\/revisions"}],"predecessor-version":[{"id":61921,"href":"https:\/\/www.interaccionnoticias.com.mx\/index.php?rest_route=\/wp\/v2\/posts\/61918\/revisions\/61921"}],"wp:featuredmedia":[{"embeddable":true,"href":"https:\/\/www.interaccionnoticias.com.mx\/index.php?rest_route=\/wp\/v2\/media\/61919"}],"wp:attachment":[{"href":"https:\/\/www.interaccionnoticias.com.mx\/index.php?rest_route=%2Fwp%2Fv2%2Fmedia&parent=61918"}],"wp:term":[{"taxonomy":"category","embeddable":true,"href":"https:\/\/www.interaccionnoticias.com.mx\/index.php?rest_route=%2Fwp%2Fv2%2Fcategories&post=61918"},{"taxonomy":"post_tag","embeddable":true,"href":"https:\/\/www.interaccionnoticias.com.mx\/index.php?rest_route=%2Fwp%2Fv2%2Ftags&post=61918"}],"curies":[{"name":"wp","href":"https:\/\/api.w.org\/{rel}","templated":true}]}}