{"id":61892,"date":"2023-05-14T20:08:27","date_gmt":"2023-05-15T01:08:27","guid":{"rendered":"https:\/\/interaccionnoticias.com.mx\/?p=61892"},"modified":"2023-05-14T20:08:33","modified_gmt":"2023-05-15T01:08:33","slug":"se-reunen-expresiones-de-apoyo-a-ebrard-en-guerrero-expresan-union-total-para-convertir-a-marcelo-en-el-coordinador-de-los-comites-de-defensa-de-la-4t","status":"publish","type":"post","link":"https:\/\/www.interaccionnoticias.com.mx\/?p=61892","title":{"rendered":"Se re\u00fanen expresiones de apoyo a Ebrard en Guerrero; *Expresan uni\u00f3n total para convertir a Marcelo en el coordinador de los Comit\u00e9s de defensa de la 4T"},"content":{"rendered":"\n<p><strong><em>&#8212; Rumbo a la encuesta interna de Morena exigen piso parejo<\/em><\/strong><\/p>\n\n\n\n<p><strong>Javier Trujillo<\/strong><\/p>\n\n\n\n<p><strong>Acapulco, Gro.- <\/strong>Representantes en Guerrero de las distintas expresiones de apoyo del canciller, Marcelo Ebrard, se reunieron para consolidar el trabajo coordinado entre los guerrerenses rumbo a la encuesta que realizar\u00e1 el partido Morena para elegir al coordinador de los Comit\u00e9s de la.4T.<\/p>\n\n\n\n<p>La defensa de la Cuarta Transformaci\u00f3n en el pa\u00eds, se har\u00e1 con la participaci\u00f3n de al menos una docena de expresiones que respaldan al titular de Relaciones Exteriores que se reunieron en las oficinas del enlace estatal, Luis Walton Aburto.<\/p>\n\n\n\n<p>Las diferentes organizaciones se pronunciaron por seguir trabajando m\u00e1s unidos que nunca en las siete regiones del estado; acercando en territorio la capacidad y experiencia del llamado \u00abCarnal Marcelo\u00bb, a los ciudadanos para que se sientan libres de elegir al m\u00e1s indicado para darle continuidad con cambio.<\/p>\n\n\n\n<p>Tal como lo ha expresado el presidente, Andr\u00e9s Manuel L\u00f3pez Obrador, los representantes de las agrupaciones como Morena Progresista, Guerrero con Marcelo, Avanzada Nacional, Movimiento Progresista, Benem\u00e9rito Ju\u00e1rez Siglo XXI, Fuerza Marcelo, as\u00ed como las representaciones de diputados locales y federales expresaron la necesidad de que la dirigencia de Morena garantice piso parejo.<\/p>\n\n\n\n<p>Adicionalmente se agrupan organizaciones como Movimiento Progresista de Guerrero, Juventudes con Marcelo, Mujeres Empresarias con Causa, Di\u00e1logos Progresistas, J\u00f3venes con Marcelo, diputados locales y federales, coincidieron en expresar la necesidad de que haya reglas claras para la encuesta y que defina este proceso democr\u00e1tico al interior del partido.<\/p>\n\n\n\n<p>As\u00ed mismo, al tiempo de manifestar que todos est\u00e1n trabajando como un mismo equipo y bajo un \u00fanico proyecto que es Marcelo Ebrard, lanzaron un llamado tanto a la dirigencia nacional morenista como al ejecutivo federal para que los trabajos de posicionamiento de las llamadas \u201ccorcholatas\u201d sean limpios.<\/p>\n\n\n\n<p>Es evidente el derroche de recursos p\u00fablicos y del aparato de gobierno con la pinta de bardas y utilizaci\u00f3n de las organizaciones del transporte p\u00fablico en apoyo de una de las aspirantes, pero no s\u00f3lo eso, la gente nos comenta que los est\u00e1n amedrentando con quitarles programas sociales o no llevarles servicios p\u00fablicos si apoyan a Marcelo y no a Claudia, coincidieron los coordinadores de Movimiento Progresista, Avanzada Nacional, Ju\u00e1rez Siglo XXI y Morena Progresista.<\/p>\n\n\n\n<p>Finalmente reiteraron que \u201cTodos somos Marcelo\u201d y pese al dispendio gubernamental, los movimientos de ciudadanos libres seguir\u00e1n trabajando sin descanso para llevar a ganar la encuesta morenista a Marcelo Ebrard rumbo al proceso del 2024.<\/p>\n\n\n\n<p>A la reuni\u00f3n acudieron, Magdalena Camacho, Claudia de la O, Arquelao de la Cruz Piza y Carlos de Jes\u00fas Alejandro por parte de Guerrero con Marcelo; la diputada local, Jessica Alejo Rayo de Morena Progresista; Alberto L\u00f3pez Rosas y Manuel Vargas de Benem\u00e9rito Ju\u00e1rez Siglo XXI; Brenda Vargas Urbina de Movimiento Progresista.<\/p>\n","protected":false},"excerpt":{"rendered":"<p>&#8212; Rumbo a la encuesta interna de Morena exigen piso parejo Javier Trujillo Acapulco, Gro.- Representantes en Guerrero de las distintas expresiones de apoyo del canciller, Marcelo Ebrard, se reunieron&hellip; <\/p>\n","protected":false},"author":3,"featured_media":61893,"comment_status":"open","ping_status":"open","sticky":false,"template":"","format":"standard","meta":{"fifu_image_url":"","fifu_image_alt":"","footnotes":""},"categories":[21],"tags":[],"class_list":["post-61892","post","type-post","status-publish","format-standard","has-post-thumbnail","hentry","category-politica"],"_links":{"self":[{"href":"https:\/\/www.interaccionnoticias.com.mx\/index.php?rest_route=\/wp\/v2\/posts\/61892","targetHints":{"allow":["GET"]}}],"collection":[{"href":"https:\/\/www.interaccionnoticias.com.mx\/index.php?rest_route=\/wp\/v2\/posts"}],"about":[{"href":"https:\/\/www.interaccionnoticias.com.mx\/index.php?rest_route=\/wp\/v2\/types\/post"}],"author":[{"embeddable":true,"href":"https:\/\/www.interaccionnoticias.com.mx\/index.php?rest_route=\/wp\/v2\/users\/3"}],"replies":[{"embeddable":true,"href":"https:\/\/www.interaccionnoticias.com.mx\/index.php?rest_route=%2Fwp%2Fv2%2Fcomments&post=61892"}],"version-history":[{"count":1,"href":"https:\/\/www.interaccionnoticias.com.mx\/index.php?rest_route=\/wp\/v2\/posts\/61892\/revisions"}],"predecessor-version":[{"id":61894,"href":"https:\/\/www.interaccionnoticias.com.mx\/index.php?rest_route=\/wp\/v2\/posts\/61892\/revisions\/61894"}],"wp:featuredmedia":[{"embeddable":true,"href":"https:\/\/www.interaccionnoticias.com.mx\/index.php?rest_route=\/wp\/v2\/media\/61893"}],"wp:attachment":[{"href":"https:\/\/www.interaccionnoticias.com.mx\/index.php?rest_route=%2Fwp%2Fv2%2Fmedia&parent=61892"}],"wp:term":[{"taxonomy":"category","embeddable":true,"href":"https:\/\/www.interaccionnoticias.com.mx\/index.php?rest_route=%2Fwp%2Fv2%2Fcategories&post=61892"},{"taxonomy":"post_tag","embeddable":true,"href":"https:\/\/www.interaccionnoticias.com.mx\/index.php?rest_route=%2Fwp%2Fv2%2Ftags&post=61892"}],"curies":[{"name":"wp","href":"https:\/\/api.w.org\/{rel}","templated":true}]}}