{"id":61876,"date":"2023-05-12T22:49:31","date_gmt":"2023-05-13T03:49:31","guid":{"rendered":"https:\/\/interaccionnoticias.com.mx\/?p=61876"},"modified":"2023-05-12T22:49:36","modified_gmt":"2023-05-13T03:49:36","slug":"acepta-el-titular-de-pc-roberto-arroyo-matus-que-su-director-administrativo-no-acata-sus-instrucciones-ni-las-de-la-gobernadora","status":"publish","type":"post","link":"https:\/\/www.interaccionnoticias.com.mx\/?p=61876","title":{"rendered":"Acepta el titular de PC, Roberto Arroyo Matus que su director administrativo no acata sus instrucciones ni las de la gobernadora"},"content":{"rendered":"\n<p><strong>Rosario Garc\u00eda Orozco<\/strong><\/p>\n\n\n\n<p><strong>Chilpancingo, 12 de mayo de 2023.-<\/strong> El Secretario de Gesti\u00f3n de Riesgos y Protecci\u00f3n Civil, Roberto Arroyo Matus reconoci\u00f3 que el director administrativo de esa dependencia, V\u00edctor Parra no acata las instrucciones de \u00e9l, ni tampoco las de la gobernadora Evelyn Salgado Pineda.<\/p>\n\n\n\n<p>De manera reiterada, trabajadores de esa dependencia llevaron a cabo un paro laboral en exigencia del pago de varias prestaciones como los vi\u00e1ticos, y que \u00e9stos no se entreguen al mes, sino cada quincena.<\/p>\n\n\n\n<p>Esa instrucci\u00f3n, dijeron los manifestantes ya se hab\u00eda dado al responsable de las finanzas de Protecci\u00f3n Civil, pero no acat\u00f3 esa orden.<\/p>\n\n\n\n<p>Existe, \u201dotro tipo de consideraciones\u201d del \u00e1rea de finanzas de la dependencia dijo Arroyo M\u00e1tuz, \u201cla verdad es que de parte del \u00e1rea de finanzas del gobierno del estado se nos ha dado todo el apoyo, nos ha entregado en tiempo y forma el recurso, sin embargo, es otro tipo de pol\u00edticas de nuestro compa\u00f1ero director de finanzas, hemos procurado indicarle que se haga el pago a cada uno de nuestros compa\u00f1eros operativos sin embargo, tiene otro tipo de consideraciones\u201d, expuso.<\/p>\n\n\n\n<p>El funcionario estatal se quej\u00f3 de que su subordinado \u201cno ha hecho caso a las indicaciones que se les han dado\u201d, pero se dijo confiado en que \u201cpr\u00f3ximamente se pueda resolver el problema y se pague los vi\u00e1ticos que les corresponda a los trabajadores operativos\u00bb.<\/p>\n\n\n\n<p>Dijo que el argumento del director de finanzas de Protecci\u00f3n Civil es que requiere de una autorizaci\u00f3n expresa para pagar los vi\u00e1ticos que reclama el personal operativo, y que a eso se debe el retraso en el pago de ese beneficio para los combatientes.<\/p>\n\n\n\n<p>Sobre la \u00faltima minuta firmada entre los trabajadores sindicalizados y las autoridades de esa dependencia se expresa la intenci\u00f3n de la gobernadora de atender a los trabajadores inconformes, \u201cy la verdad no veo la raz\u00f3n por la que se le ha negado el pago a los trabajadores\u201d, y agreg\u00f3 que no comprende el argumento del director de finanzas que se niega a cumplir con el pago de vi\u00e1ticos a los trabajadores cuando forman parte de una misma estructura.<\/p>\n\n\n\n<p>Roberto Arroyo calific\u00f3 como justas las demandas planteadas por los trabajadores, y que la gobernadora Evelyn Salgado Pineda est\u00e1 empe\u00f1ada en qu\u00e9 el personal tenga las mejores condiciones para el desempe\u00f1o de su trabajo.<\/p>\n","protected":false},"excerpt":{"rendered":"<p>Rosario Garc\u00eda Orozco Chilpancingo, 12 de mayo de 2023.- El Secretario de Gesti\u00f3n de Riesgos y Protecci\u00f3n Civil, Roberto Arroyo Matus reconoci\u00f3 que el director administrativo de esa dependencia, V\u00edctor&hellip; <\/p>\n","protected":false},"author":14,"featured_media":61877,"comment_status":"open","ping_status":"open","sticky":false,"template":"","format":"standard","meta":{"fifu_image_url":"","fifu_image_alt":"","footnotes":""},"categories":[11],"tags":[],"class_list":["post-61876","post","type-post","status-publish","format-standard","has-post-thumbnail","hentry","category-guerrero"],"_links":{"self":[{"href":"https:\/\/www.interaccionnoticias.com.mx\/index.php?rest_route=\/wp\/v2\/posts\/61876","targetHints":{"allow":["GET"]}}],"collection":[{"href":"https:\/\/www.interaccionnoticias.com.mx\/index.php?rest_route=\/wp\/v2\/posts"}],"about":[{"href":"https:\/\/www.interaccionnoticias.com.mx\/index.php?rest_route=\/wp\/v2\/types\/post"}],"author":[{"embeddable":true,"href":"https:\/\/www.interaccionnoticias.com.mx\/index.php?rest_route=\/wp\/v2\/users\/14"}],"replies":[{"embeddable":true,"href":"https:\/\/www.interaccionnoticias.com.mx\/index.php?rest_route=%2Fwp%2Fv2%2Fcomments&post=61876"}],"version-history":[{"count":1,"href":"https:\/\/www.interaccionnoticias.com.mx\/index.php?rest_route=\/wp\/v2\/posts\/61876\/revisions"}],"predecessor-version":[{"id":61878,"href":"https:\/\/www.interaccionnoticias.com.mx\/index.php?rest_route=\/wp\/v2\/posts\/61876\/revisions\/61878"}],"wp:featuredmedia":[{"embeddable":true,"href":"https:\/\/www.interaccionnoticias.com.mx\/index.php?rest_route=\/wp\/v2\/media\/61877"}],"wp:attachment":[{"href":"https:\/\/www.interaccionnoticias.com.mx\/index.php?rest_route=%2Fwp%2Fv2%2Fmedia&parent=61876"}],"wp:term":[{"taxonomy":"category","embeddable":true,"href":"https:\/\/www.interaccionnoticias.com.mx\/index.php?rest_route=%2Fwp%2Fv2%2Fcategories&post=61876"},{"taxonomy":"post_tag","embeddable":true,"href":"https:\/\/www.interaccionnoticias.com.mx\/index.php?rest_route=%2Fwp%2Fv2%2Ftags&post=61876"}],"curies":[{"name":"wp","href":"https:\/\/api.w.org\/{rel}","templated":true}]}}