{"id":61865,"date":"2023-05-12T22:37:17","date_gmt":"2023-05-13T03:37:17","guid":{"rendered":"https:\/\/interaccionnoticias.com.mx\/?p=61865"},"modified":"2023-05-12T22:37:22","modified_gmt":"2023-05-13T03:37:22","slug":"cierra-javier-saldana-su-primera-semana-de-campana-suma-el-respaldo-de-mas-de-30-mil-universitarios","status":"publish","type":"post","link":"https:\/\/www.interaccionnoticias.com.mx\/?p=61865","title":{"rendered":"CIERRA JAVIER SALDA\u00d1A SU PRIMERA SEMANA DE CAMPA\u00d1A; SUMA EL RESPALDO DE M\u00c1S DE 30 MIL UNIVERSITARIOS"},"content":{"rendered":"\n<p><strong>Petatl\u00e1n, Gro.-<\/strong> El candidato de unidad para la Rector\u00eda de la Universidad Aut\u00f3noma de Guerrero, Javier Salda\u00f1a Almaz\u00e1n, cerr\u00f3 este viernes en la Costa Grande, su primera semana de campa\u00f1a donde en total, ha recibido el respaldo de m\u00e1s de 30 mil universitarios en su visita a las escuelas y facultades de esta regi\u00f3n de la Costa Grande, la Costa Chica y Acapulco.<\/p>\n\n\n\n<p>Con un recibimiento muy emotivo, Javier Salda\u00f1a Almaz\u00e1n visit\u00f3 este viernes la Escuela Preparatoria No.25 de Petatl\u00e1n, una de las mejores escuelas de Nivel Medio Superior del pa\u00eds con indicadores de calidad muy elevados, donde los estudiantes y maestros ratificaron su apoyo al proyecto del candidato para consolidar los avances acad\u00e9micos.<\/p>\n\n\n\n<p>Los estudiantes recibieron al candidato de unidad con porras y pancartas, presentaron un n\u00famero art\u00edstico y le cantaron m\u00fasica popular con alegr\u00eda.<\/p>\n\n\n\n<p>Javier Salda\u00f1a les agradeci\u00f3 el c\u00e1lido recibimiento; dijo que esto lo motiva a seguir adelante y reiter\u00f3 que como rector \u00ablos voy a defender, no les voy a fallar porque tengo un compromiso muy grande con ustedes\u00bb.<\/p>\n\n\n\n<p>Por la ma\u00f1ana, en otro extraordinario recibimiento, Javier Salda\u00f1a Almaz\u00e1n visit\u00f3 la Escuela Preparatoria No. 13 de Zihuatanejo, donde tambi\u00e9n estuvieron presentes universitarios de la Preparatoria No.42 de La Uni\u00f3n as\u00ed como de la Escuela Superior de Turismo.<\/p>\n\n\n\n<p>Javier Salda\u00f1a Almaz\u00e1n motiv\u00f3 a los estudiantes a seguir prepar\u00e1ndose en la UAGro y a seguir consolid\u00e1ndola: \u00abNi un paso atr\u00e1s en sus metas; hoy ustedes son el ejemplo para mejorar las condiciones en nuestro estado. Yo deseo un Guerrero con justicia social y ustedes j\u00f3venes deben ser ese factor de cambio para conseguirlo\u00bb.<\/p>\n\n\n\n<div class=\"wp-block-jetpack-slideshow aligncenter\" data-effect=\"slide\"><div class=\"wp-block-jetpack-slideshow_container swiper-container\"><ul class=\"wp-block-jetpack-slideshow_swiper-wrapper swiper-wrapper\"><li class=\"wp-block-jetpack-slideshow_slide swiper-slide\"><figure><img decoding=\"async\" src=\"data:image\/gif;base64,R0lGODlhAQABAIAAAAAAAP\/\/\/ywAAAAAAQABAAACAUwAOw==\" fifu-lazy=\"1\" fifu-data-sizes=\"auto\" fifu-data-srcset=\"https:\/\/i1.wp.com\/interaccionnoticias.com.mx\/wp-content\/uploads\/2023\/05\/230512-JSA-1-1024x683.jpg?ssl=1&w=75&resize=75&ssl=1 75w, https:\/\/i1.wp.com\/interaccionnoticias.com.mx\/wp-content\/uploads\/2023\/05\/230512-JSA-1-1024x683.jpg?ssl=1&w=100&resize=100&ssl=1 100w, https:\/\/i1.wp.com\/interaccionnoticias.com.mx\/wp-content\/uploads\/2023\/05\/230512-JSA-1-1024x683.jpg?ssl=1&w=150&resize=150&ssl=1 150w, https:\/\/i1.wp.com\/interaccionnoticias.com.mx\/wp-content\/uploads\/2023\/05\/230512-JSA-1-1024x683.jpg?ssl=1&w=240&resize=240&ssl=1 240w, https:\/\/i1.wp.com\/interaccionnoticias.com.mx\/wp-content\/uploads\/2023\/05\/230512-JSA-1-1024x683.jpg?ssl=1&w=320&resize=320&ssl=1 320w, https:\/\/i1.wp.com\/interaccionnoticias.com.mx\/wp-content\/uploads\/2023\/05\/230512-JSA-1-1024x683.jpg?ssl=1&w=500&resize=500&ssl=1 500w, https:\/\/i1.wp.com\/interaccionnoticias.com.mx\/wp-content\/uploads\/2023\/05\/230512-JSA-1-1024x683.jpg?ssl=1&w=640&resize=640&ssl=1 640w, https:\/\/i1.wp.com\/interaccionnoticias.com.mx\/wp-content\/uploads\/2023\/05\/230512-JSA-1-1024x683.jpg?ssl=1&w=800&resize=800&ssl=1 800w, https:\/\/i1.wp.com\/interaccionnoticias.com.mx\/wp-content\/uploads\/2023\/05\/230512-JSA-1-1024x683.jpg?ssl=1&w=1024&resize=1024&ssl=1 1024w, https:\/\/i1.wp.com\/interaccionnoticias.com.mx\/wp-content\/uploads\/2023\/05\/230512-JSA-1-1024x683.jpg?ssl=1&w=1280&resize=1280&ssl=1 1280w, https:\/\/i1.wp.com\/interaccionnoticias.com.mx\/wp-content\/uploads\/2023\/05\/230512-JSA-1-1024x683.jpg?ssl=1&w=1600&resize=1600&ssl=1 1600w\" alt=\"\" class=\"wp-block-jetpack-slideshow_image wp-image-61866\" data-id=\"61866\" fifu-data-src=\"https:\/\/i1.wp.com\/interaccionnoticias.com.mx\/wp-content\/uploads\/2023\/05\/230512-JSA-1-1024x683.jpg?ssl=1\"\/><\/figure><\/li><li class=\"wp-block-jetpack-slideshow_slide swiper-slide\"><figure><img decoding=\"async\" src=\"data:image\/gif;base64,R0lGODlhAQABAIAAAAAAAP\/\/\/ywAAAAAAQABAAACAUwAOw==\" fifu-lazy=\"1\" fifu-data-sizes=\"auto\" fifu-data-srcset=\"https:\/\/i2.wp.com\/interaccionnoticias.com.mx\/wp-content\/uploads\/2023\/05\/230512-JSA-2-1024x683.jpg?ssl=1&w=75&resize=75&ssl=1 75w, https:\/\/i2.wp.com\/interaccionnoticias.com.mx\/wp-content\/uploads\/2023\/05\/230512-JSA-2-1024x683.jpg?ssl=1&w=100&resize=100&ssl=1 100w, https:\/\/i2.wp.com\/interaccionnoticias.com.mx\/wp-content\/uploads\/2023\/05\/230512-JSA-2-1024x683.jpg?ssl=1&w=150&resize=150&ssl=1 150w, https:\/\/i2.wp.com\/interaccionnoticias.com.mx\/wp-content\/uploads\/2023\/05\/230512-JSA-2-1024x683.jpg?ssl=1&w=240&resize=240&ssl=1 240w, https:\/\/i2.wp.com\/interaccionnoticias.com.mx\/wp-content\/uploads\/2023\/05\/230512-JSA-2-1024x683.jpg?ssl=1&w=320&resize=320&ssl=1 320w, https:\/\/i2.wp.com\/interaccionnoticias.com.mx\/wp-content\/uploads\/2023\/05\/230512-JSA-2-1024x683.jpg?ssl=1&w=500&resize=500&ssl=1 500w, https:\/\/i2.wp.com\/interaccionnoticias.com.mx\/wp-content\/uploads\/2023\/05\/230512-JSA-2-1024x683.jpg?ssl=1&w=640&resize=640&ssl=1 640w, https:\/\/i2.wp.com\/interaccionnoticias.com.mx\/wp-content\/uploads\/2023\/05\/230512-JSA-2-1024x683.jpg?ssl=1&w=800&resize=800&ssl=1 800w, https:\/\/i2.wp.com\/interaccionnoticias.com.mx\/wp-content\/uploads\/2023\/05\/230512-JSA-2-1024x683.jpg?ssl=1&w=1024&resize=1024&ssl=1 1024w, https:\/\/i2.wp.com\/interaccionnoticias.com.mx\/wp-content\/uploads\/2023\/05\/230512-JSA-2-1024x683.jpg?ssl=1&w=1280&resize=1280&ssl=1 1280w, https:\/\/i2.wp.com\/interaccionnoticias.com.mx\/wp-content\/uploads\/2023\/05\/230512-JSA-2-1024x683.jpg?ssl=1&w=1600&resize=1600&ssl=1 1600w\" alt=\"\" class=\"wp-block-jetpack-slideshow_image wp-image-61867\" data-id=\"61867\" fifu-data-src=\"https:\/\/i2.wp.com\/interaccionnoticias.com.mx\/wp-content\/uploads\/2023\/05\/230512-JSA-2-1024x683.jpg?ssl=1\"\/><\/figure><\/li><\/ul><a class=\"wp-block-jetpack-slideshow_button-prev swiper-button-prev swiper-button-white\" role=\"button\"><\/a><a class=\"wp-block-jetpack-slideshow_button-next swiper-button-next swiper-button-white\" role=\"button\"><\/a><a aria-label=\"Pause Slideshow\" class=\"wp-block-jetpack-slideshow_button-pause\" role=\"button\"><\/a><div class=\"wp-block-jetpack-slideshow_pagination swiper-pagination swiper-pagination-white\"><\/div><\/div><\/div>\n","protected":false},"excerpt":{"rendered":"<p>Petatl\u00e1n, Gro.- El candidato de unidad para la Rector\u00eda de la Universidad Aut\u00f3noma de Guerrero, Javier Salda\u00f1a Almaz\u00e1n, cerr\u00f3 este viernes en la Costa Grande, su primera semana de campa\u00f1a&hellip; <\/p>\n","protected":false},"author":19,"featured_media":61866,"comment_status":"open","ping_status":"open","sticky":false,"template":"","format":"standard","meta":{"fifu_image_url":"","fifu_image_alt":"","footnotes":""},"categories":[30],"tags":[],"class_list":["post-61865","post","type-post","status-publish","format-standard","has-post-thumbnail","hentry","category-universidad"],"_links":{"self":[{"href":"https:\/\/www.interaccionnoticias.com.mx\/index.php?rest_route=\/wp\/v2\/posts\/61865","targetHints":{"allow":["GET"]}}],"collection":[{"href":"https:\/\/www.interaccionnoticias.com.mx\/index.php?rest_route=\/wp\/v2\/posts"}],"about":[{"href":"https:\/\/www.interaccionnoticias.com.mx\/index.php?rest_route=\/wp\/v2\/types\/post"}],"author":[{"embeddable":true,"href":"https:\/\/www.interaccionnoticias.com.mx\/index.php?rest_route=\/wp\/v2\/users\/19"}],"replies":[{"embeddable":true,"href":"https:\/\/www.interaccionnoticias.com.mx\/index.php?rest_route=%2Fwp%2Fv2%2Fcomments&post=61865"}],"version-history":[{"count":1,"href":"https:\/\/www.interaccionnoticias.com.mx\/index.php?rest_route=\/wp\/v2\/posts\/61865\/revisions"}],"predecessor-version":[{"id":61868,"href":"https:\/\/www.interaccionnoticias.com.mx\/index.php?rest_route=\/wp\/v2\/posts\/61865\/revisions\/61868"}],"wp:featuredmedia":[{"embeddable":true,"href":"https:\/\/www.interaccionnoticias.com.mx\/index.php?rest_route=\/wp\/v2\/media\/61866"}],"wp:attachment":[{"href":"https:\/\/www.interaccionnoticias.com.mx\/index.php?rest_route=%2Fwp%2Fv2%2Fmedia&parent=61865"}],"wp:term":[{"taxonomy":"category","embeddable":true,"href":"https:\/\/www.interaccionnoticias.com.mx\/index.php?rest_route=%2Fwp%2Fv2%2Fcategories&post=61865"},{"taxonomy":"post_tag","embeddable":true,"href":"https:\/\/www.interaccionnoticias.com.mx\/index.php?rest_route=%2Fwp%2Fv2%2Ftags&post=61865"}],"curies":[{"name":"wp","href":"https:\/\/api.w.org\/{rel}","templated":true}]}}