{"id":61851,"date":"2023-05-12T17:57:26","date_gmt":"2023-05-12T22:57:26","guid":{"rendered":"https:\/\/interaccionnoticias.com.mx\/?p=61851"},"modified":"2023-05-12T17:57:31","modified_gmt":"2023-05-12T22:57:31","slug":"del-20-al-27-de-mayo-se-realizara-la-edicion-xxxvi-de-las-jornadas-alarconianas-en-taxco","status":"publish","type":"post","link":"https:\/\/www.interaccionnoticias.com.mx\/?p=61851","title":{"rendered":"Del 20 al 27 de mayo se realizar\u00e1 la edici\u00f3n XXXVI de las Jornadas Alarconianas en Taxco"},"content":{"rendered":"\n<p><strong>Taxco, Gro., 12 de mayo de 2023.-<\/strong> Del 20 al 27 de mayo se realizar\u00e1 la edici\u00f3n XXXVI de las Jornadas Alarconianas en la ciudad de Taxco, en homenaje a la vida y obra del ilustre taxque\u00f1o Juan Ruiz de Alarc\u00f3n, lo anuncio en conferencia de prensa, la secretar\u00eda de Cultura, A\u00edda Mart\u00ednez Rebolledo.<\/p>\n\n\n\n<p>Acompa\u00f1ada del presidente municipal de Taxco, Mario Figueroa Mundo, la funcionaria expres\u00f3 que es de inter\u00e9s de la gobernadora, Evelyn Salgado Pineda que cada edici\u00f3n sea mejor para que Taxco siga siendo el centro de la cultura, con grandes espect\u00e1culos teatrales, m\u00fasica y arte.<\/p>\n\n\n\n<p>En esta edici\u00f3n 2023, las Jornadas Alarconianas, tendr\u00e1n cuatro escenarios; la \u201cPlaza Borda\u201d como escenario principal, el Museo de Arte Virreinal de Taxco\u201d, sede de presentaciones de M\u00fasica Barroca y actividades l\u00fadicas para ni\u00f1as y ni\u00f1os; la Plaza de la Veracruz para presentaciones de corte infantil, circense y po\u00e9tico y el Teatro \u00abJuan Ruiz de Alarc\u00f3n\u00bb del Hotel Posada Misi\u00f3n para obras teatrales de medio y peque\u00f1o formato.<\/p>\n\n\n\n<p>La inauguraci\u00f3n se realizar\u00e1 en la \u201cPlaza Borda\u201d el 20 de mayo con la ceremonia y entrega del Premio Nacional de Dramaturgia \u00abJuan Ruiz de Alarc\u00f3n\u00bb, el \u201cBando Alarconiano\u201d y el Concierto Inaugural a cargo de la cantante Regina Orozco, con el concierto \u00abMucho ayuda el que no es Trova\u00bb.<\/p>\n\n\n\n<p>En el marco de las \u201cXXXVI Jornadas Alarconianas\u201d, se llevar\u00e1 a cabo del 20 al 23 de mayo el \u201c2do. Congreso Estatal de Teatro\u201d, con mesas de trabajo en las que sesionar\u00e1n actores y dramaturgos teatrales de estado.<\/p>\n\n\n\n<p>Asimismo, la presentaci\u00f3n en las calles taxque\u00f1as de Personajes del Siglo de Oro, Pregoneros y Bufones ataviados con indumentarias de la \u00e9poca virreinal que dar\u00e1n vida a las calles de Taxco y la Compa\u00f1\u00eda Nacional de Teatro Cl\u00e1sico con la obra \u00abPrimero Sue\u00f1o\u00bb de Sor Juana In\u00e9s de la Cruz, el Carro de Comedias de la UNAM, con la obra \u00abEse amor de Romeo y Julieta\u00bb.<\/p>\n\n\n\n<p>Adem\u00e1s de obras de teatro de diferentes g\u00e9neros: Cl\u00e1sicas, infantiles, musicales, 2 espect\u00e1culos circenses, y recitales po\u00e9ticos y para el magno cierre de actividades la Plaza Borda de Taxco y el 27 de mayo a las 19:00 horas en su escenario principal la Orquesta Filarm\u00f3nica de Acapulco, con temas cl\u00e1sicos y tradicionales de estado.<br><\/p>\n\n\n\n<div class=\"wp-block-jetpack-slideshow aligncenter\" data-effect=\"slide\"><div class=\"wp-block-jetpack-slideshow_container swiper-container\"><ul class=\"wp-block-jetpack-slideshow_swiper-wrapper swiper-wrapper\"><li class=\"wp-block-jetpack-slideshow_slide swiper-slide\"><figure><img decoding=\"async\" src=\"data:image\/gif;base64,R0lGODlhAQABAIAAAAAAAP\/\/\/ywAAAAAAQABAAACAUwAOw==\" fifu-lazy=\"1\" fifu-data-sizes=\"auto\" fifu-data-srcset=\"https:\/\/i2.wp.com\/interaccionnoticias.com.mx\/wp-content\/uploads\/2023\/05\/IMG-20230512-WA0014-1024x613.jpg?ssl=1&w=75&resize=75&ssl=1 75w, https:\/\/i2.wp.com\/interaccionnoticias.com.mx\/wp-content\/uploads\/2023\/05\/IMG-20230512-WA0014-1024x613.jpg?ssl=1&w=100&resize=100&ssl=1 100w, https:\/\/i2.wp.com\/interaccionnoticias.com.mx\/wp-content\/uploads\/2023\/05\/IMG-20230512-WA0014-1024x613.jpg?ssl=1&w=150&resize=150&ssl=1 150w, https:\/\/i2.wp.com\/interaccionnoticias.com.mx\/wp-content\/uploads\/2023\/05\/IMG-20230512-WA0014-1024x613.jpg?ssl=1&w=240&resize=240&ssl=1 240w, https:\/\/i2.wp.com\/interaccionnoticias.com.mx\/wp-content\/uploads\/2023\/05\/IMG-20230512-WA0014-1024x613.jpg?ssl=1&w=320&resize=320&ssl=1 320w, https:\/\/i2.wp.com\/interaccionnoticias.com.mx\/wp-content\/uploads\/2023\/05\/IMG-20230512-WA0014-1024x613.jpg?ssl=1&w=500&resize=500&ssl=1 500w, https:\/\/i2.wp.com\/interaccionnoticias.com.mx\/wp-content\/uploads\/2023\/05\/IMG-20230512-WA0014-1024x613.jpg?ssl=1&w=640&resize=640&ssl=1 640w, https:\/\/i2.wp.com\/interaccionnoticias.com.mx\/wp-content\/uploads\/2023\/05\/IMG-20230512-WA0014-1024x613.jpg?ssl=1&w=800&resize=800&ssl=1 800w, https:\/\/i2.wp.com\/interaccionnoticias.com.mx\/wp-content\/uploads\/2023\/05\/IMG-20230512-WA0014-1024x613.jpg?ssl=1&w=1024&resize=1024&ssl=1 1024w, https:\/\/i2.wp.com\/interaccionnoticias.com.mx\/wp-content\/uploads\/2023\/05\/IMG-20230512-WA0014-1024x613.jpg?ssl=1&w=1280&resize=1280&ssl=1 1280w, https:\/\/i2.wp.com\/interaccionnoticias.com.mx\/wp-content\/uploads\/2023\/05\/IMG-20230512-WA0014-1024x613.jpg?ssl=1&w=1600&resize=1600&ssl=1 1600w\" alt=\"\" class=\"wp-block-jetpack-slideshow_image wp-image-61852\" data-id=\"61852\" fifu-data-src=\"https:\/\/i2.wp.com\/interaccionnoticias.com.mx\/wp-content\/uploads\/2023\/05\/IMG-20230512-WA0014-1024x613.jpg?ssl=1\"\/><\/figure><\/li><li class=\"wp-block-jetpack-slideshow_slide swiper-slide\"><figure><img decoding=\"async\" src=\"data:image\/gif;base64,R0lGODlhAQABAIAAAAAAAP\/\/\/ywAAAAAAQABAAACAUwAOw==\" fifu-lazy=\"1\" fifu-data-sizes=\"auto\" fifu-data-srcset=\"https:\/\/i2.wp.com\/interaccionnoticias.com.mx\/wp-content\/uploads\/2023\/05\/IMG-20230512-WA0013-1024x682.jpg?ssl=1&w=75&resize=75&ssl=1 75w, https:\/\/i2.wp.com\/interaccionnoticias.com.mx\/wp-content\/uploads\/2023\/05\/IMG-20230512-WA0013-1024x682.jpg?ssl=1&w=100&resize=100&ssl=1 100w, https:\/\/i2.wp.com\/interaccionnoticias.com.mx\/wp-content\/uploads\/2023\/05\/IMG-20230512-WA0013-1024x682.jpg?ssl=1&w=150&resize=150&ssl=1 150w, https:\/\/i2.wp.com\/interaccionnoticias.com.mx\/wp-content\/uploads\/2023\/05\/IMG-20230512-WA0013-1024x682.jpg?ssl=1&w=240&resize=240&ssl=1 240w, https:\/\/i2.wp.com\/interaccionnoticias.com.mx\/wp-content\/uploads\/2023\/05\/IMG-20230512-WA0013-1024x682.jpg?ssl=1&w=320&resize=320&ssl=1 320w, https:\/\/i2.wp.com\/interaccionnoticias.com.mx\/wp-content\/uploads\/2023\/05\/IMG-20230512-WA0013-1024x682.jpg?ssl=1&w=500&resize=500&ssl=1 500w, https:\/\/i2.wp.com\/interaccionnoticias.com.mx\/wp-content\/uploads\/2023\/05\/IMG-20230512-WA0013-1024x682.jpg?ssl=1&w=640&resize=640&ssl=1 640w, https:\/\/i2.wp.com\/interaccionnoticias.com.mx\/wp-content\/uploads\/2023\/05\/IMG-20230512-WA0013-1024x682.jpg?ssl=1&w=800&resize=800&ssl=1 800w, https:\/\/i2.wp.com\/interaccionnoticias.com.mx\/wp-content\/uploads\/2023\/05\/IMG-20230512-WA0013-1024x682.jpg?ssl=1&w=1024&resize=1024&ssl=1 1024w, https:\/\/i2.wp.com\/interaccionnoticias.com.mx\/wp-content\/uploads\/2023\/05\/IMG-20230512-WA0013-1024x682.jpg?ssl=1&w=1280&resize=1280&ssl=1 1280w, https:\/\/i2.wp.com\/interaccionnoticias.com.mx\/wp-content\/uploads\/2023\/05\/IMG-20230512-WA0013-1024x682.jpg?ssl=1&w=1600&resize=1600&ssl=1 1600w\" alt=\"\" class=\"wp-block-jetpack-slideshow_image wp-image-61853\" data-id=\"61853\" fifu-data-src=\"https:\/\/i2.wp.com\/interaccionnoticias.com.mx\/wp-content\/uploads\/2023\/05\/IMG-20230512-WA0013-1024x682.jpg?ssl=1\"\/><\/figure><\/li><\/ul><a class=\"wp-block-jetpack-slideshow_button-prev swiper-button-prev swiper-button-white\" role=\"button\"><\/a><a class=\"wp-block-jetpack-slideshow_button-next swiper-button-next swiper-button-white\" role=\"button\"><\/a><a aria-label=\"Pause Slideshow\" class=\"wp-block-jetpack-slideshow_button-pause\" role=\"button\"><\/a><div class=\"wp-block-jetpack-slideshow_pagination swiper-pagination swiper-pagination-white\"><\/div><\/div><\/div>\n","protected":false},"excerpt":{"rendered":"<p>Taxco, Gro., 12 de mayo de 2023.- Del 20 al 27 de mayo se realizar\u00e1 la edici\u00f3n XXXVI de las Jornadas Alarconianas en la ciudad de Taxco, en homenaje a&hellip; <\/p>\n","protected":false},"author":19,"featured_media":61853,"comment_status":"open","ping_status":"open","sticky":false,"template":"","format":"standard","meta":{"fifu_image_url":"","fifu_image_alt":"","footnotes":""},"categories":[23],"tags":[],"class_list":["post-61851","post","type-post","status-publish","format-standard","has-post-thumbnail","hentry","category-regionales"],"_links":{"self":[{"href":"https:\/\/www.interaccionnoticias.com.mx\/index.php?rest_route=\/wp\/v2\/posts\/61851","targetHints":{"allow":["GET"]}}],"collection":[{"href":"https:\/\/www.interaccionnoticias.com.mx\/index.php?rest_route=\/wp\/v2\/posts"}],"about":[{"href":"https:\/\/www.interaccionnoticias.com.mx\/index.php?rest_route=\/wp\/v2\/types\/post"}],"author":[{"embeddable":true,"href":"https:\/\/www.interaccionnoticias.com.mx\/index.php?rest_route=\/wp\/v2\/users\/19"}],"replies":[{"embeddable":true,"href":"https:\/\/www.interaccionnoticias.com.mx\/index.php?rest_route=%2Fwp%2Fv2%2Fcomments&post=61851"}],"version-history":[{"count":1,"href":"https:\/\/www.interaccionnoticias.com.mx\/index.php?rest_route=\/wp\/v2\/posts\/61851\/revisions"}],"predecessor-version":[{"id":61854,"href":"https:\/\/www.interaccionnoticias.com.mx\/index.php?rest_route=\/wp\/v2\/posts\/61851\/revisions\/61854"}],"wp:featuredmedia":[{"embeddable":true,"href":"https:\/\/www.interaccionnoticias.com.mx\/index.php?rest_route=\/wp\/v2\/media\/61853"}],"wp:attachment":[{"href":"https:\/\/www.interaccionnoticias.com.mx\/index.php?rest_route=%2Fwp%2Fv2%2Fmedia&parent=61851"}],"wp:term":[{"taxonomy":"category","embeddable":true,"href":"https:\/\/www.interaccionnoticias.com.mx\/index.php?rest_route=%2Fwp%2Fv2%2Fcategories&post=61851"},{"taxonomy":"post_tag","embeddable":true,"href":"https:\/\/www.interaccionnoticias.com.mx\/index.php?rest_route=%2Fwp%2Fv2%2Ftags&post=61851"}],"curies":[{"name":"wp","href":"https:\/\/api.w.org\/{rel}","templated":true}]}}