{"id":61834,"date":"2023-05-12T14:27:09","date_gmt":"2023-05-12T19:27:09","guid":{"rendered":"https:\/\/interaccionnoticias.com.mx\/?p=61834"},"modified":"2023-05-12T14:27:13","modified_gmt":"2023-05-12T19:27:13","slug":"identifican-a-siete-muertos-de-corral-de-piedra","status":"publish","type":"post","link":"https:\/\/www.interaccionnoticias.com.mx\/?p=61834","title":{"rendered":"Identifican a siete muertos de Corral de Piedra"},"content":{"rendered":"\n<p><strong><em>&#8212; Todos son originarios de la localidad<\/em><\/strong><\/p>\n\n\n\n<p><strong>Jes\u00fas Dorantes<\/strong><\/p>\n\n\n\n<p>La Fiscal\u00eda General del Estado (FGE) confirm\u00f3 la identificaci\u00f3n de siete v\u00edctimas mortales de la balacera registrada en la comunidad de Corral de Piedra, en el municipio de Leonardo Bravo.<\/p>\n\n\n\n<p>Se confirma que los que murieron la noche del 10 de mayo, en el baile realizado en la cancha techada de la localidad eran varones y radicaban ah\u00ed.<\/p>\n\n\n\n<p>El personal de la FGE realiz\u00f3 los trabajos de investigaci\u00f3n iniciales la jornada del jueves 11 de mayo, con el acompa\u00f1amiento de la Secretar\u00eda de la Defensa Nacional (SEDENA) y la Polic\u00eda del Estado.<\/p>\n\n\n\n<p>En el lugar se localizaron manchas secas color rojo oscuro, adem\u00e1s de casquillos percutidos.<\/p>\n\n\n\n<p>Posteriormente, personal de la FGE se traslad\u00f3 al domicilio de una de las personas fallecidas el cu\u00e1l fue identificado como Ad\u00e1n \u201cN\u201d.<br>Todos los cad\u00e1veres fueron trasladados a sus domicilios y la mayor\u00eda de las familias se negaron a colaborar con las autoridades.<\/p>\n\n\n\n<p>Sin embargo, la Polic\u00eda Ministerial confirm\u00f3 la muerte de<br>Erik \u201cN\u201d; Abel \u201cN\u201d, Fernando \u201cN\u201d, Jos\u00e9 \u201cN\u201d, Fernando \u201cN\u201d, Ad\u00e1n \u201cN\u201d y Aurelio \u201cN\u201d.<\/p>\n\n\n\n<p>Se confirm\u00f3 el traslado para su atenci\u00f3n al Hospital General \u201cRaymundo Abarca Alarc\u00f3n\u201d ubicado en Tierras Prietas, municipio de Chilpancingo de cuatro heridos de bala, que fueron el se\u00f1or Isidro \u201cN\u201d, Nicol\u00e1s \u201cN\u201d, la se\u00f1ora Mar\u00eda \u201cN\u201d y Jos\u00e9 Alejandro \u201cN\u201d.<\/p>\n\n\n\n<p>Por lo menos el se\u00f1or Isidro y su esposa Mar\u00eda llegaron a Corral de Piedra procedentes de Ometepec.<\/p>\n\n\n\n<p>La se\u00f1ora Mar\u00eda dijo a la polic\u00eda, que ella se dio cuenta que su hijo fue alcanzado por las balas y corri\u00f3 r\u00e1pidamente hacia \u00e9l, pero antes de llegar sinti\u00f3 un balazo en el pie que le hizo perder el conocimiento, cuando despert\u00f3 ya se encontraba en el hospital junto con su esposo.<\/p>\n\n\n\n<p>Tanto la FGE y el Servicio M\u00e9dico Forense (SEMEFO) fueron obstaculizados por los lugare\u00f1os para realizar su trabajo.<\/p>\n\n\n\n<p>Las investigaciones se encuentran en desarrollo.<br><\/p>\n","protected":false},"excerpt":{"rendered":"<p>&#8212; Todos son originarios de la localidad Jes\u00fas Dorantes La Fiscal\u00eda General del Estado (FGE) confirm\u00f3 la identificaci\u00f3n de siete v\u00edctimas mortales de la balacera registrada en la comunidad de&hellip; <\/p>\n","protected":false},"author":8,"featured_media":61835,"comment_status":"open","ping_status":"open","sticky":false,"template":"","format":"standard","meta":{"fifu_image_url":"","fifu_image_alt":"","footnotes":""},"categories":[27],"tags":[],"class_list":["post-61834","post","type-post","status-publish","format-standard","has-post-thumbnail","hentry","category-seguridad-publica"],"_links":{"self":[{"href":"https:\/\/www.interaccionnoticias.com.mx\/index.php?rest_route=\/wp\/v2\/posts\/61834","targetHints":{"allow":["GET"]}}],"collection":[{"href":"https:\/\/www.interaccionnoticias.com.mx\/index.php?rest_route=\/wp\/v2\/posts"}],"about":[{"href":"https:\/\/www.interaccionnoticias.com.mx\/index.php?rest_route=\/wp\/v2\/types\/post"}],"author":[{"embeddable":true,"href":"https:\/\/www.interaccionnoticias.com.mx\/index.php?rest_route=\/wp\/v2\/users\/8"}],"replies":[{"embeddable":true,"href":"https:\/\/www.interaccionnoticias.com.mx\/index.php?rest_route=%2Fwp%2Fv2%2Fcomments&post=61834"}],"version-history":[{"count":1,"href":"https:\/\/www.interaccionnoticias.com.mx\/index.php?rest_route=\/wp\/v2\/posts\/61834\/revisions"}],"predecessor-version":[{"id":61836,"href":"https:\/\/www.interaccionnoticias.com.mx\/index.php?rest_route=\/wp\/v2\/posts\/61834\/revisions\/61836"}],"wp:featuredmedia":[{"embeddable":true,"href":"https:\/\/www.interaccionnoticias.com.mx\/index.php?rest_route=\/wp\/v2\/media\/61835"}],"wp:attachment":[{"href":"https:\/\/www.interaccionnoticias.com.mx\/index.php?rest_route=%2Fwp%2Fv2%2Fmedia&parent=61834"}],"wp:term":[{"taxonomy":"category","embeddable":true,"href":"https:\/\/www.interaccionnoticias.com.mx\/index.php?rest_route=%2Fwp%2Fv2%2Fcategories&post=61834"},{"taxonomy":"post_tag","embeddable":true,"href":"https:\/\/www.interaccionnoticias.com.mx\/index.php?rest_route=%2Fwp%2Fv2%2Ftags&post=61834"}],"curies":[{"name":"wp","href":"https:\/\/api.w.org\/{rel}","templated":true}]}}