{"id":61822,"date":"2023-05-11T20:21:43","date_gmt":"2023-05-12T01:21:43","guid":{"rendered":"https:\/\/interaccionnoticias.com.mx\/?p=61822"},"modified":"2023-05-11T20:21:49","modified_gmt":"2023-05-12T01:21:49","slug":"en-guerrero-piden-no-bajar-la-guardia-ante-el-covid-19","status":"publish","type":"post","link":"https:\/\/www.interaccionnoticias.com.mx\/?p=61822","title":{"rendered":"En Guerrero piden no bajar la guardia ante el Covid 19"},"content":{"rendered":"\n<p><strong><em>&#8212; A pesar de quela OMS ya levant\u00f3 la alerta por el virus<\/em><\/strong><\/p>\n\n\n\n<p><strong>Rosario Garc\u00eda Orozco<\/strong><\/p>\n\n\n\n<p><strong>Chilpancingo, Gro., 11 de mayo del 2023.-<\/strong> La secretaria de Salud, Aid\u00e9 Ibarez Castro, pidi\u00f3 no bajar la guardia y mantener algunas de las medidas preventivas, para evitar los contagios por Covid 19, a pesar de que se la Organizaci\u00f3n Mundial de la Salud (OMS) declar\u00f3 que concluy\u00f3 la emergencia por ese padecimiento.<\/p>\n\n\n\n<p>Insisti\u00f3 en que a pesar del anuncio de la OMS, que dio por finalizada la emergencia, la poblaci\u00f3n guerrerense debe mantener las medidas de preventivas.<\/p>\n\n\n\n<p>Coment\u00f3 que ya no ser\u00e1 necesario el uso del gel en lugares p\u00fablicos, pero que \u00abel lavado constante de manos tiene que mantenerse, ya debe formar parte de nuestra normalidad despu\u00e9s de esta pandemia, que nos obliga a seguir las acciones de prevenci\u00f3n de contagio\u00bb se\u00f1al\u00f3.<\/p>\n\n\n\n<p>Ibarez Castro, asegur\u00f3 que la situaci\u00f3n por contagios \u00abnaturalmente no es la misma que al inicio de la pandemia, los contagios han bajado y en mediada que se fortalecen las medias preventivas de los ciudadanos y reforzamiento de las mismas por el sistema de salud, disminuyen los contagios&#8217;.<\/p>\n\n\n\n<p>Mencion\u00f3 que a pesar del anuncio de la OMS, el coronavirus sigue activo \u00abest\u00e1 con nosotros, eso no lo podemos perder de vista\u00bb, y sostuvo que para evitar contagios se debe cumplir con el lavado frecuente de manos, uso gel personal, as\u00ed como el uso del cubrebocas en lugares de mucha concentraci\u00f3n, medidas que \u00abnos van a salvar la vida\u00bb, afirm\u00f3 la funcionaria estatal.<\/p>\n\n\n\n<p>En Guerrero, seg\u00fan la p\u00e1gina oficial del gobierno del Estado hasta el 5 de mayo del 2023 se confirmaron 120, 086 casos confirmados, 6,888 defunciones y 167 casos activos.<\/p>\n\n\n\n<p>En M\u00e9xico, la Secretar\u00eda de Salud report\u00f3 con corte al 1 de mayo que se registraron 7 millones 587 mil 643 casos, durante toda la pandemia.<\/p>\n\n\n\n<p>Mientras que las autoridades sanitarias internacionales, reportaron que el Sars Cov 2 caus\u00f3 la muerte de 20 millones de personas y al menos 765 millones infectadas por el&nbsp;virus&nbsp;global.<\/p>\n","protected":false},"excerpt":{"rendered":"<p>&#8212; A pesar de quela OMS ya levant\u00f3 la alerta por el virus Rosario Garc\u00eda Orozco Chilpancingo, Gro., 11 de mayo del 2023.- La secretaria de Salud, Aid\u00e9 Ibarez Castro,&hellip; <\/p>\n","protected":false},"author":14,"featured_media":61823,"comment_status":"open","ping_status":"open","sticky":false,"template":"","format":"standard","meta":{"fifu_image_url":"","fifu_image_alt":"","footnotes":""},"categories":[26],"tags":[],"class_list":["post-61822","post","type-post","status-publish","format-standard","has-post-thumbnail","hentry","category-salud"],"_links":{"self":[{"href":"https:\/\/www.interaccionnoticias.com.mx\/index.php?rest_route=\/wp\/v2\/posts\/61822","targetHints":{"allow":["GET"]}}],"collection":[{"href":"https:\/\/www.interaccionnoticias.com.mx\/index.php?rest_route=\/wp\/v2\/posts"}],"about":[{"href":"https:\/\/www.interaccionnoticias.com.mx\/index.php?rest_route=\/wp\/v2\/types\/post"}],"author":[{"embeddable":true,"href":"https:\/\/www.interaccionnoticias.com.mx\/index.php?rest_route=\/wp\/v2\/users\/14"}],"replies":[{"embeddable":true,"href":"https:\/\/www.interaccionnoticias.com.mx\/index.php?rest_route=%2Fwp%2Fv2%2Fcomments&post=61822"}],"version-history":[{"count":1,"href":"https:\/\/www.interaccionnoticias.com.mx\/index.php?rest_route=\/wp\/v2\/posts\/61822\/revisions"}],"predecessor-version":[{"id":61824,"href":"https:\/\/www.interaccionnoticias.com.mx\/index.php?rest_route=\/wp\/v2\/posts\/61822\/revisions\/61824"}],"wp:featuredmedia":[{"embeddable":true,"href":"https:\/\/www.interaccionnoticias.com.mx\/index.php?rest_route=\/wp\/v2\/media\/61823"}],"wp:attachment":[{"href":"https:\/\/www.interaccionnoticias.com.mx\/index.php?rest_route=%2Fwp%2Fv2%2Fmedia&parent=61822"}],"wp:term":[{"taxonomy":"category","embeddable":true,"href":"https:\/\/www.interaccionnoticias.com.mx\/index.php?rest_route=%2Fwp%2Fv2%2Fcategories&post=61822"},{"taxonomy":"post_tag","embeddable":true,"href":"https:\/\/www.interaccionnoticias.com.mx\/index.php?rest_route=%2Fwp%2Fv2%2Ftags&post=61822"}],"curies":[{"name":"wp","href":"https:\/\/api.w.org\/{rel}","templated":true}]}}