{"id":61819,"date":"2023-05-11T20:16:11","date_gmt":"2023-05-12T01:16:11","guid":{"rendered":"https:\/\/interaccionnoticias.com.mx\/?p=61819"},"modified":"2023-05-11T20:16:16","modified_gmt":"2023-05-12T01:16:16","slug":"festajaban-el-dia-de-las-madres-en-corral-de-piedra-confirma-alcalde-de-leonardo-bravo","status":"publish","type":"post","link":"https:\/\/www.interaccionnoticias.com.mx\/?p=61819","title":{"rendered":"Festajaban el D\u00eda de las Madres en Corral de piedra, confirma alcalde de Leonardo Bravo"},"content":{"rendered":"\n<p><strong><em>&#8212; Sa\u00fal Villa Adame lamenta la forma en que termin\u00f3 el baile del 10 de mayo<\/em><\/strong><\/p>\n\n\n\n<p><strong>Rogelio Agust\u00edn<\/strong><\/p>\n\n\n\n<p>El ayuntamiento de Leonardo Bravo confirm\u00f3 que la balacera que dej\u00f3 un saldo preliminar de siete muertos, en la comunidad de Corral Falso, se suscit\u00f3 en un baile organizado para celebrar el D\u00eda de las Madres.<\/p>\n\n\n\n<p>Fue hasta despu\u00e9s de las 17:30 horas del jueves 11 de mayo, que el Ayuntamiento de Leonardo Bravo confirm\u00f3 la festividad que se realizaba en la localidad de referencia, de donde por lo menos cuatro personas m\u00e1s fueron trasladadas para su hospitalizaci\u00f3n.<\/p>\n\n\n\n<p>\u201cAnte los hechos ocurridos ayer en Corral de Piedra, la Direcci\u00f3n de Seguridad P\u00fablica me informa sobre un hecho de violencia que gener\u00f3 resultados lamentables, tras una ri\u00f1a entre pobladores en el festejo del D\u00eda de las Madres\u201d, se\u00f1al\u00f3 el alcalde panista Sa\u00fal Villa Adame, en una esquela colocada en las redes soclales del municipio.<\/p>\n\n\n\n<p>Continu\u00f3: \u201cLamento que un d\u00eda tan especial para todas las familias de mi querido Leonardo Bravo haya culminado de esa manera, mis condolencias a los familiares de los desaparecidos\u201d.<\/p>\n\n\n\n<p>Cierra con una expresi\u00f3n de rechazo hacia cualquier acto que conduzca a la violencia.<\/p>\n","protected":false},"excerpt":{"rendered":"<p>&#8212; Sa\u00fal Villa Adame lamenta la forma en que termin\u00f3 el baile del 10 de mayo Rogelio Agust\u00edn El ayuntamiento de Leonardo Bravo confirm\u00f3 que la balacera que dej\u00f3 un&hellip; <\/p>\n","protected":false},"author":21,"featured_media":61820,"comment_status":"open","ping_status":"open","sticky":false,"template":"","format":"standard","meta":{"fifu_image_url":"","fifu_image_alt":"","footnotes":""},"categories":[23],"tags":[],"class_list":["post-61819","post","type-post","status-publish","format-standard","has-post-thumbnail","hentry","category-regionales"],"_links":{"self":[{"href":"https:\/\/www.interaccionnoticias.com.mx\/index.php?rest_route=\/wp\/v2\/posts\/61819","targetHints":{"allow":["GET"]}}],"collection":[{"href":"https:\/\/www.interaccionnoticias.com.mx\/index.php?rest_route=\/wp\/v2\/posts"}],"about":[{"href":"https:\/\/www.interaccionnoticias.com.mx\/index.php?rest_route=\/wp\/v2\/types\/post"}],"author":[{"embeddable":true,"href":"https:\/\/www.interaccionnoticias.com.mx\/index.php?rest_route=\/wp\/v2\/users\/21"}],"replies":[{"embeddable":true,"href":"https:\/\/www.interaccionnoticias.com.mx\/index.php?rest_route=%2Fwp%2Fv2%2Fcomments&post=61819"}],"version-history":[{"count":1,"href":"https:\/\/www.interaccionnoticias.com.mx\/index.php?rest_route=\/wp\/v2\/posts\/61819\/revisions"}],"predecessor-version":[{"id":61821,"href":"https:\/\/www.interaccionnoticias.com.mx\/index.php?rest_route=\/wp\/v2\/posts\/61819\/revisions\/61821"}],"wp:featuredmedia":[{"embeddable":true,"href":"https:\/\/www.interaccionnoticias.com.mx\/index.php?rest_route=\/wp\/v2\/media\/61820"}],"wp:attachment":[{"href":"https:\/\/www.interaccionnoticias.com.mx\/index.php?rest_route=%2Fwp%2Fv2%2Fmedia&parent=61819"}],"wp:term":[{"taxonomy":"category","embeddable":true,"href":"https:\/\/www.interaccionnoticias.com.mx\/index.php?rest_route=%2Fwp%2Fv2%2Fcategories&post=61819"},{"taxonomy":"post_tag","embeddable":true,"href":"https:\/\/www.interaccionnoticias.com.mx\/index.php?rest_route=%2Fwp%2Fv2%2Ftags&post=61819"}],"curies":[{"name":"wp","href":"https:\/\/api.w.org\/{rel}","templated":true}]}}