{"id":61812,"date":"2023-05-11T18:33:09","date_gmt":"2023-05-11T23:33:09","guid":{"rendered":"https:\/\/interaccionnoticias.com.mx\/?p=61812"},"modified":"2023-05-11T18:33:10","modified_gmt":"2023-05-11T23:33:10","slug":"militares-y-policias-se-trasladan-a-corral-de-piedra-tras-balacera-con-saldo-inicial-de-siete-muertos","status":"publish","type":"post","link":"https:\/\/www.interaccionnoticias.com.mx\/?p=61812","title":{"rendered":"Militares y polic\u00edas se trasladan a Corral de Piedra, tras balacera con saldo inicial de siete muertos"},"content":{"rendered":"\n<p><strong><em>&#8212; Para resguardar a la poblaci\u00f3n y realizar las diligencias correspondientes<\/em><\/strong><\/p>\n\n\n\n<p><strong>Rogelio Agust\u00edn<\/strong><\/p>\n\n\n\n<p>Elementos del Ej\u00e9rcito Mexicano, Fiscal\u00eda General y la Polic\u00eda del Estado se trasladaron hacia la comunidad de Corral de Piedra, municipio de Leonardo Bravo para verificar lo sucedido la noche del mi\u00e9rcoles 10 de mayo, cuando un baile popular deriv\u00f3 en una balacera, que hasta el momento arroja el saldo de siste personas muertas.<\/p>\n\n\n\n<p>La informaci\u00f3n sobre el enfrentamiento a balazos comenz\u00f3 a cobrar fuerza desde la ma\u00f1ana del jueves 11, aunque por la distancia y la ausencia de se\u00f1al de internet, adem\u00e1s la carencia de servicio telefonico, se carec\u00eda de precisi\u00f3n sobre los hechos y el saldo.<\/p>\n\n\n\n<p>Se conoci\u00f3 que durante el baile, ya entrada la noche hubo un diferendo entre particulares, se gener\u00f3 primero un cruce de golpes y finalmente se utilizaron armas de fuego.<\/p>\n\n\n\n<p>En el Gobierno de Guerrero se ten\u00eda un reporte inicial de siete muertos y cuatro heridos, los lesionados por arma de fuego son tres varones y una mujer de la tercera edad.<\/p>\n\n\n\n<p>Para la tarde del jueves 11, el Gobierno de Guerrero confirm\u00f3 el traslado a Corral de Piedra de personal de la Secretar\u00eda de Seguridad P\u00fablica (SSP), de la Defensa Nacional (SEDENS) y agentes la Fiscal\u00eda General del Estado.<\/p>\n\n\n\n<p>Militares y polic\u00edas se encargar\u00e1n de otorgar seguridad y atenci\u00f3n a la ciudadan\u00eda, mientras que la FGE realiza las diligencias correspondientes.<\/p>\n\n\n\n<p>\u201cDe acuerdo con reportes ciudadanos e informaci\u00f3n preliminar, en dicha comunidad se habr\u00eda registrado un hecho de violencia entre pobladores\u201d, se\u00f1ala el comunicado emitido en las plataformas oficiales del Gobierno de Guerrero.<\/p>\n\n\n\n<p>Y se\u00f1ala: \u201cEl personal civil y militar est\u00e1 en la zona para llevar a cabo las diligencias correspondientes, as\u00ed como otorgar vigilancia y atender a la ciudadan\u00eda\u201d.<\/p>\n\n\n\n<p>Se esperan reportes m\u00e1s detallados en el transcurso de la jornada.<\/p>\n\n\n\n<p>Comienzan a manejar nombres de las victimas<\/p>\n\n\n\n<p>Pasado el mediod\u00eda del jueves, el ex alcalde de Leonardo Bravo, Noe Alarc\u00f3n public\u00f3 en sus redes sociales una imagen de Abel Maldonado Nava, habitante de Corral de Piedra y quien ser\u00eda una de las siete v\u00edctimas mortales de la balacera del mi\u00e9rcoles.<\/p>\n\n\n\n<p>\u201cTragedia que arrastra seres inocentes y honestos como Abel Maldonado Nava\u201d, se\u00f1al\u00f3 el ex primer edil.<\/p>\n\n\n\n<p>En los comentarios que se difunden en la p\u00e1gina \u201cCorral de Piedra\u201d se hace referencia a una persona denominada como \u201cEl padrino\u201d, mismo que habr\u00eda atacado a un amigo personal, lo que se tomar\u00eda como el detonante del hecho.<\/p>\n\n\n\n<p>La regidora de Leonardo Bravo, Sara Maldonado lament\u00f3 lo sucedido y expres\u00f3 sus condolencias para las familias afectadas, \u201choy est\u00e1 de luto mi pueblo Corral de Piedra\u201d.<\/p>\n","protected":false},"excerpt":{"rendered":"<p>&#8212; Para resguardar a la poblaci\u00f3n y realizar las diligencias correspondientes Rogelio Agust\u00edn Elementos del Ej\u00e9rcito Mexicano, Fiscal\u00eda General y la Polic\u00eda del Estado se trasladaron hacia la comunidad de&hellip; <\/p>\n","protected":false},"author":21,"featured_media":61813,"comment_status":"open","ping_status":"open","sticky":false,"template":"","format":"standard","meta":{"fifu_image_url":"","fifu_image_alt":"","footnotes":""},"categories":[27],"tags":[],"class_list":["post-61812","post","type-post","status-publish","format-standard","has-post-thumbnail","hentry","category-seguridad-publica"],"_links":{"self":[{"href":"https:\/\/www.interaccionnoticias.com.mx\/index.php?rest_route=\/wp\/v2\/posts\/61812","targetHints":{"allow":["GET"]}}],"collection":[{"href":"https:\/\/www.interaccionnoticias.com.mx\/index.php?rest_route=\/wp\/v2\/posts"}],"about":[{"href":"https:\/\/www.interaccionnoticias.com.mx\/index.php?rest_route=\/wp\/v2\/types\/post"}],"author":[{"embeddable":true,"href":"https:\/\/www.interaccionnoticias.com.mx\/index.php?rest_route=\/wp\/v2\/users\/21"}],"replies":[{"embeddable":true,"href":"https:\/\/www.interaccionnoticias.com.mx\/index.php?rest_route=%2Fwp%2Fv2%2Fcomments&post=61812"}],"version-history":[{"count":1,"href":"https:\/\/www.interaccionnoticias.com.mx\/index.php?rest_route=\/wp\/v2\/posts\/61812\/revisions"}],"predecessor-version":[{"id":61814,"href":"https:\/\/www.interaccionnoticias.com.mx\/index.php?rest_route=\/wp\/v2\/posts\/61812\/revisions\/61814"}],"wp:featuredmedia":[{"embeddable":true,"href":"https:\/\/www.interaccionnoticias.com.mx\/index.php?rest_route=\/wp\/v2\/media\/61813"}],"wp:attachment":[{"href":"https:\/\/www.interaccionnoticias.com.mx\/index.php?rest_route=%2Fwp%2Fv2%2Fmedia&parent=61812"}],"wp:term":[{"taxonomy":"category","embeddable":true,"href":"https:\/\/www.interaccionnoticias.com.mx\/index.php?rest_route=%2Fwp%2Fv2%2Fcategories&post=61812"},{"taxonomy":"post_tag","embeddable":true,"href":"https:\/\/www.interaccionnoticias.com.mx\/index.php?rest_route=%2Fwp%2Fv2%2Ftags&post=61812"}],"curies":[{"name":"wp","href":"https:\/\/api.w.org\/{rel}","templated":true}]}}