{"id":61806,"date":"2023-05-11T15:01:30","date_gmt":"2023-05-11T20:01:30","guid":{"rendered":"https:\/\/interaccionnoticias.com.mx\/?p=61806"},"modified":"2023-05-11T15:01:36","modified_gmt":"2023-05-11T20:01:36","slug":"inician-paro-laboral-trabajadores-de-la-secretaria-de-gestion-de-riesgos-y-proteccion-civil","status":"publish","type":"post","link":"https:\/\/www.interaccionnoticias.com.mx\/?p=61806","title":{"rendered":"Inician paro laboral trabajadores de la Secretar\u00eda de Gesti\u00f3n de Riesgos y Protecci\u00f3n civil"},"content":{"rendered":"\n<p><strong><em>&#8212; Exigen pago de vi\u00e1ticos de manera quincenal<br>&#8212; Tambi\u00e9n pidieron que sea destituido el director administrativo V\u00edctor Parra<\/em><\/strong><\/p>\n\n\n\n<p><strong>Rosario Garc\u00eda Orozco<\/strong><\/p>\n\n\n\n<p><strong>Chilpancingo, Gro., 11 de mayo del 2023.- <\/strong>Afiliados al Sindicato Estatal de Trabajadores de Protecci\u00f3n Civil y Bomberos del Estado de Guerrero iniciaron un paro de labores en la Secretar\u00eda de Gesti\u00f3n de Riesgos y Protecci\u00f3n Civil, en demanda de el pago de vi\u00e1ticos de manera quincenal, la destituci\u00f3n del director administrativo y una reuni\u00f3n con la gobernadora Evelyn Salgado.<\/p>\n\n\n\n<p>\u00c1ngel Mart\u00ednez Reyes, secretario general de ese sindicato lament\u00f3 que a pesar de que ha sido un acuerdo firmado en minuta, el \u00e1rea administrativa no haya pagado hasta tres meses de vi\u00e1ticos a trabajadores operativos.<\/p>\n\n\n\n<p>Agreg\u00f3 que a\u00fan no se han entregado bases a los trabajadores, ni el bono de riesgo, \u00abadem\u00e1s no nos han entregado el equipo contra incendios forestales. Ya hasta viene la temporada de lluvias y tampoco nos han llegado ni botas ni impermeables\u00bb.<\/p>\n\n\n\n<p>Por esa raz\u00f3n, dijo, los trabajadores estamos pidiendo la destituci\u00f3n del director administrativo, V\u00edctor Parra, \u00abson afectados por la falta de pagos de vi\u00e1ticos los 372 trabajadores operativos de todo el estado\u00bb.<\/p>\n\n\n\n<p>Los inconformes se reunir\u00e1n antes del medio d\u00eda con el director de Gobernaci\u00f3n, Francisco Rodr\u00edguez Cisneros y con el secretario General de Gobierno, Ludwig Marcial Reynoso, y confiaron en que haya buenos resultados, adem\u00e1s de que se logre que sean recibidos por la gobernadora Evelyn Salgado para que escuche de manera directa sus demandas.<\/p>\n\n\n\n<p>Advirtieron que si el resultado del encuentro con las autoridades estatales \u00abes adverso\u00bb, van a radicalizar sus movilizaciones y a parar labores en todo el estado, \u00abno como ahora que estamos Rando actividades solo en la zona centro, pero s\u00ed hay atenci\u00f3n a emergencias\u00bb.<br><\/p>\n","protected":false},"excerpt":{"rendered":"<p>&#8212; Exigen pago de vi\u00e1ticos de manera quincenal&#8212; Tambi\u00e9n pidieron que sea destituido el director administrativo V\u00edctor Parra Rosario Garc\u00eda Orozco Chilpancingo, Gro., 11 de mayo del 2023.- Afiliados al&hellip; <\/p>\n","protected":false},"author":14,"featured_media":61807,"comment_status":"open","ping_status":"open","sticky":false,"template":"","format":"standard","meta":{"fifu_image_url":"","fifu_image_alt":"","footnotes":""},"categories":[11],"tags":[],"class_list":["post-61806","post","type-post","status-publish","format-standard","has-post-thumbnail","hentry","category-guerrero"],"_links":{"self":[{"href":"https:\/\/www.interaccionnoticias.com.mx\/index.php?rest_route=\/wp\/v2\/posts\/61806","targetHints":{"allow":["GET"]}}],"collection":[{"href":"https:\/\/www.interaccionnoticias.com.mx\/index.php?rest_route=\/wp\/v2\/posts"}],"about":[{"href":"https:\/\/www.interaccionnoticias.com.mx\/index.php?rest_route=\/wp\/v2\/types\/post"}],"author":[{"embeddable":true,"href":"https:\/\/www.interaccionnoticias.com.mx\/index.php?rest_route=\/wp\/v2\/users\/14"}],"replies":[{"embeddable":true,"href":"https:\/\/www.interaccionnoticias.com.mx\/index.php?rest_route=%2Fwp%2Fv2%2Fcomments&post=61806"}],"version-history":[{"count":1,"href":"https:\/\/www.interaccionnoticias.com.mx\/index.php?rest_route=\/wp\/v2\/posts\/61806\/revisions"}],"predecessor-version":[{"id":61808,"href":"https:\/\/www.interaccionnoticias.com.mx\/index.php?rest_route=\/wp\/v2\/posts\/61806\/revisions\/61808"}],"wp:featuredmedia":[{"embeddable":true,"href":"https:\/\/www.interaccionnoticias.com.mx\/index.php?rest_route=\/wp\/v2\/media\/61807"}],"wp:attachment":[{"href":"https:\/\/www.interaccionnoticias.com.mx\/index.php?rest_route=%2Fwp%2Fv2%2Fmedia&parent=61806"}],"wp:term":[{"taxonomy":"category","embeddable":true,"href":"https:\/\/www.interaccionnoticias.com.mx\/index.php?rest_route=%2Fwp%2Fv2%2Fcategories&post=61806"},{"taxonomy":"post_tag","embeddable":true,"href":"https:\/\/www.interaccionnoticias.com.mx\/index.php?rest_route=%2Fwp%2Fv2%2Ftags&post=61806"}],"curies":[{"name":"wp","href":"https:\/\/api.w.org\/{rel}","templated":true}]}}