{"id":61800,"date":"2023-05-10T18:46:03","date_gmt":"2023-05-10T23:46:03","guid":{"rendered":"https:\/\/interaccionnoticias.com.mx\/?p=61800"},"modified":"2023-05-10T18:46:09","modified_gmt":"2023-05-10T23:46:09","slug":"este-10-de-mayo-unas-8-mil-personas-visitan-el-panteon-central-de-chilpancingo","status":"publish","type":"post","link":"https:\/\/www.interaccionnoticias.com.mx\/?p=61800","title":{"rendered":"Este 10 de mayo unas 8 mil personas visitan el pante\u00f3n central de Chilpancingo"},"content":{"rendered":"\n<p><strong>Rosario Garc\u00eda Orozco<\/strong><\/p>\n\n\n\n<p><strong>Chilpancingo, Gro., 10 de mayo del 2023.- <\/strong>En el marco del D\u00eda de las Madres, en el pante\u00f3n central de Chilpancingo se espera la afluencia de 8 mil personas inform\u00f3 Silvino Escobar Salgado, administrador del pante\u00f3n central municipal.<\/p>\n\n\n\n<p>Desde las 7 de la ma\u00f1ana y hasta el mediod\u00eda de este mi\u00e9rcoles, m\u00e1s de 5 mil personas hab\u00edan acudido al cementerio c\u00e9ntrico para recordar y celebrar a sus madres difuntas, con un saldo blanco hasta ese momento.<\/p>\n\n\n\n<p>Escobar Salgado explic\u00f3 que, para la atenci\u00f3n a vecinos asistentes al pante\u00f3n, se instal\u00f3 un m\u00f3dulo de salud que cuenta con servicios pertinentes en caso de suscitarse alguna emergencia, como insolaci\u00f3n por las altas temperaturas registradas en la entidad, y tambi\u00e9n hay un operativo de tr\u00e1nsito para el control vehicular en calles aleda\u00f1as.<\/p>\n\n\n\n<p>De esa manera cientos de familias completas acudieron al pante\u00f3n a llevar flores a sus madres, a limpiar las tumbas y recordar a esos seres queridos, es otra manera de conmemorar el d\u00eda de las madres.<\/p>\n\n\n\n<p>Previo al festejo del 10 de mayo, se realizaron jornadas de limpieza en ese cementerio en coordinaci\u00f3n con personal de servicios p\u00fablicos y atenci\u00f3n inmediata, y hoy mi\u00e9rcoles cuentan con ocho trabajadores operativo para manteamiento del lugar y evitar la acumulaci\u00f3n de basura.<\/p>\n\n\n\n<p>El acceso al p\u00fablico inici\u00f3 desde la 7 de la ma\u00f1ana y cerrar\u00e1 sus puertas a las 19 horas.<br><\/p>\n","protected":false},"excerpt":{"rendered":"<p>Rosario Garc\u00eda Orozco Chilpancingo, Gro., 10 de mayo del 2023.- En el marco del D\u00eda de las Madres, en el pante\u00f3n central de Chilpancingo se espera la afluencia de 8&hellip; <\/p>\n","protected":false},"author":14,"featured_media":61801,"comment_status":"open","ping_status":"open","sticky":false,"template":"","format":"standard","meta":{"fifu_image_url":"","fifu_image_alt":"","footnotes":""},"categories":[13],"tags":[],"class_list":["post-61800","post","type-post","status-publish","format-standard","has-post-thumbnail","hentry","category-capital"],"_links":{"self":[{"href":"https:\/\/www.interaccionnoticias.com.mx\/index.php?rest_route=\/wp\/v2\/posts\/61800","targetHints":{"allow":["GET"]}}],"collection":[{"href":"https:\/\/www.interaccionnoticias.com.mx\/index.php?rest_route=\/wp\/v2\/posts"}],"about":[{"href":"https:\/\/www.interaccionnoticias.com.mx\/index.php?rest_route=\/wp\/v2\/types\/post"}],"author":[{"embeddable":true,"href":"https:\/\/www.interaccionnoticias.com.mx\/index.php?rest_route=\/wp\/v2\/users\/14"}],"replies":[{"embeddable":true,"href":"https:\/\/www.interaccionnoticias.com.mx\/index.php?rest_route=%2Fwp%2Fv2%2Fcomments&post=61800"}],"version-history":[{"count":1,"href":"https:\/\/www.interaccionnoticias.com.mx\/index.php?rest_route=\/wp\/v2\/posts\/61800\/revisions"}],"predecessor-version":[{"id":61802,"href":"https:\/\/www.interaccionnoticias.com.mx\/index.php?rest_route=\/wp\/v2\/posts\/61800\/revisions\/61802"}],"wp:featuredmedia":[{"embeddable":true,"href":"https:\/\/www.interaccionnoticias.com.mx\/index.php?rest_route=\/wp\/v2\/media\/61801"}],"wp:attachment":[{"href":"https:\/\/www.interaccionnoticias.com.mx\/index.php?rest_route=%2Fwp%2Fv2%2Fmedia&parent=61800"}],"wp:term":[{"taxonomy":"category","embeddable":true,"href":"https:\/\/www.interaccionnoticias.com.mx\/index.php?rest_route=%2Fwp%2Fv2%2Fcategories&post=61800"},{"taxonomy":"post_tag","embeddable":true,"href":"https:\/\/www.interaccionnoticias.com.mx\/index.php?rest_route=%2Fwp%2Fv2%2Ftags&post=61800"}],"curies":[{"name":"wp","href":"https:\/\/api.w.org\/{rel}","templated":true}]}}