{"id":61783,"date":"2023-05-10T14:06:00","date_gmt":"2023-05-10T19:06:00","guid":{"rendered":"https:\/\/interaccionnoticias.com.mx\/?p=61783"},"modified":"2023-05-10T15:06:57","modified_gmt":"2023-05-10T20:06:57","slug":"ejecutan-a-funcionario-de-la-secretaria-de-salud-en-iguala-la-gobernadora-advierte-que-no-habra-impunidad","status":"publish","type":"post","link":"https:\/\/www.interaccionnoticias.com.mx\/?p=61783","title":{"rendered":"Ejecutan a funcionario de la Secretar\u00eda de Salud en Iguala, la gobernadora advierte que no habr\u00e1 impunidad"},"content":{"rendered":"\n<p>&#8212; Jorg\u00e9 Isa\u00edas \u00c1valos Montalva, era fundador de MORENA y miembro de \u201cLos Toritos Guerrero\u201d<\/p>\n\n\n\n<p>Rogelio Agust\u00edn<\/p>\n\n\n\n<p>El director de Recursos Humanos de la Jurisdicci\u00f3n Sanitaria Norte, Jorge Isa\u00edas \u00c1valos Montalva fue asesinado a balazos en la cabecera municipal de Iguala, la gobernadora Evelyn Salgado Pineda anticip\u00f3 que no habr\u00e1 impunidad para los perpetradores del crimen.<\/p>\n\n\n\n<p>\u00c1valos Montalva era fundador de MORENA en Iguala, identificado con un grupo de activistas conocidos como \u201cLos toritos de Guerrero\u201d, por su cercan\u00eda con el senador F\u00e9lix Salgado Macedonio.<\/p>\n\n\n\n<p>De acuerdo con las versiones que se han recuperado, hombres armados llegaron al domicilio del funcionario, ubicado en la colonia Magisterial y llamaron a la puerta, cuando \u00e9l sali\u00f3 lo atacaron a balazos y despu\u00e9s se retiraron.<\/p>\n\n\n\n<p>Una vez que se confirm\u00f3 el hecho, militantes de MORENA de diferentes municipios del estado de Guerrero lamentaron el hecho, reconocieron la trayectoria de Jorg\u00e9 Isa\u00edas, quien ten\u00eda alrededor de 40 a\u00f1os de edad y se pronunciaron porque el caso se investigue y castigue a los responsables.<\/p>\n\n\n\n<p>La gobernadora Evelyn Salgado Pineda coloc\u00f3 una esquela en sus redes sociales, en la que se\u00f1ala: \u201c Para la familia de nuestro compa\u00f1ero y amigo Jorge Isa\u00edas \u00c1valos Montalva, env\u00edo mis m\u00e1s sentidas condolencias y les expreso mi compromiso para solicitar que estos condenables hechos se esclarezcan y no queden en impunidad\u201d.<\/p>\n\n\n\n<p>Luego plantea: \u201cJorge fue y seguir\u00e1 siendo para todas y todos los que integramos este movimiento de transformaci\u00f3n en Guerrero un gran ejemplo de lucha, compromiso y entrega\u201d.<\/p>\n\n\n\n<p>Zulma Carbajal, sobrina del senador F\u00e9lix Salgado public\u00f3 en sus redes sociales que se encontraba en shock y se\u00f1al\u00f3: \u201cNo puedo creer que est\u00e1 pasando en Iguala\u201d.<\/p>\n\n\n\n<p>Agrega: \u201cJorge fue como un hijo para mi hermano Sa\u00fal, lo defendi\u00f3 como a un hermano o un hijo cuando fue necesario, despu\u00e9s me toc\u00f3 hacerlo a mi, pues sab\u00eda cuanto y como \u00e9l estuvo presente en el movimiento. Viaj\u00e9 una y mil veces para pedir una oportunidad para \u00e9l\u201d.<\/p>\n\n\n\n<p>Contin\u00faa: \u201cHoy ese chico, buena gente, muy trabajador, buen amigo fue v\u00edctima de la violencia\u201d.<br>En la publicaci\u00f3n destaca que el funcionario de la Secretar\u00eda de Salud deja un hijo en la orfandad, en tanto que su esposa, familia y amigos no saben lo que pas\u00f3, porque no se le conoc\u00eda conflictos personales.<br><\/p>\n","protected":false},"excerpt":{"rendered":"<p>&#8212; Jorg\u00e9 Isa\u00edas \u00c1valos Montalva, era fundador de MORENA y miembro de \u201cLos Toritos Guerrero\u201d Rogelio Agust\u00edn El director de Recursos Humanos de la Jurisdicci\u00f3n Sanitaria Norte, Jorge Isa\u00edas \u00c1valos&hellip; <\/p>\n","protected":false},"author":21,"featured_media":61784,"comment_status":"open","ping_status":"open","sticky":false,"template":"","format":"standard","meta":{"fifu_image_url":"","fifu_image_alt":"","footnotes":""},"categories":[27],"tags":[],"class_list":["post-61783","post","type-post","status-publish","format-standard","has-post-thumbnail","hentry","category-seguridad-publica"],"_links":{"self":[{"href":"https:\/\/www.interaccionnoticias.com.mx\/index.php?rest_route=\/wp\/v2\/posts\/61783","targetHints":{"allow":["GET"]}}],"collection":[{"href":"https:\/\/www.interaccionnoticias.com.mx\/index.php?rest_route=\/wp\/v2\/posts"}],"about":[{"href":"https:\/\/www.interaccionnoticias.com.mx\/index.php?rest_route=\/wp\/v2\/types\/post"}],"author":[{"embeddable":true,"href":"https:\/\/www.interaccionnoticias.com.mx\/index.php?rest_route=\/wp\/v2\/users\/21"}],"replies":[{"embeddable":true,"href":"https:\/\/www.interaccionnoticias.com.mx\/index.php?rest_route=%2Fwp%2Fv2%2Fcomments&post=61783"}],"version-history":[{"count":1,"href":"https:\/\/www.interaccionnoticias.com.mx\/index.php?rest_route=\/wp\/v2\/posts\/61783\/revisions"}],"predecessor-version":[{"id":61785,"href":"https:\/\/www.interaccionnoticias.com.mx\/index.php?rest_route=\/wp\/v2\/posts\/61783\/revisions\/61785"}],"wp:featuredmedia":[{"embeddable":true,"href":"https:\/\/www.interaccionnoticias.com.mx\/index.php?rest_route=\/wp\/v2\/media\/61784"}],"wp:attachment":[{"href":"https:\/\/www.interaccionnoticias.com.mx\/index.php?rest_route=%2Fwp%2Fv2%2Fmedia&parent=61783"}],"wp:term":[{"taxonomy":"category","embeddable":true,"href":"https:\/\/www.interaccionnoticias.com.mx\/index.php?rest_route=%2Fwp%2Fv2%2Fcategories&post=61783"},{"taxonomy":"post_tag","embeddable":true,"href":"https:\/\/www.interaccionnoticias.com.mx\/index.php?rest_route=%2Fwp%2Fv2%2Ftags&post=61783"}],"curies":[{"name":"wp","href":"https:\/\/api.w.org\/{rel}","templated":true}]}}