{"id":61775,"date":"2023-05-10T14:03:10","date_gmt":"2023-05-10T19:03:10","guid":{"rendered":"https:\/\/interaccionnoticias.com.mx\/?p=61775"},"modified":"2023-05-10T14:03:15","modified_gmt":"2023-05-10T19:03:15","slug":"astudillo-mario-moreno-y-apreza-no-pretenden-abandonar-al-pri-aclaran","status":"publish","type":"post","link":"https:\/\/www.interaccionnoticias.com.mx\/?p=61775","title":{"rendered":"Astudillo, Mario Moreno y Apreza no pretenden abandonar al PRI, aclaran"},"content":{"rendered":"\n<p><strong><em>&#8212; Pero la prolongaci\u00f3n de Alejandro Moreno en el CEN del PRI, s\u00ed ha provocado una \u201cdesbandada silenciosa\u201d, advierten<\/em><\/strong><\/p>\n\n\n\n<p><strong>Rogelio Agust\u00edn<\/strong><\/p>\n\n\n\n<p>El ex dirigente estatal del PRI, H\u00e9ctor Apreza Patr\u00f3n sostuvo que los acercamientos del ex gobernador H\u00e9ctor Astudillo Flores y del ex candidato a la gubernatura, Mario Moreno Arcos con el Movimiento Ciudadano (MC) no llevan la ruta de abandonar al tricolor, pero alert\u00f3 que la prolongaci\u00f3n de Alejandro Moreno C\u00e1rdenas a frente del Comit\u00e9 Nacional s\u00ed est\u00e1 provocando una \u201cdesbandada silenciosa\u201d en la militancia.<\/p>\n\n\n\n<p>Apreza Patr\u00f3n, quien fuera titular de Finanzas en la administraci\u00f3n gubernamental que encabez\u00f3 Astudillo Flores en Guerrero, consider\u00f3 que es lamentable lo sucedido con la prolongaci\u00f3n del mandato de Moreno C\u00e1rdenas en la dirigencia nacional del PRI.<\/p>\n\n\n\n<p>En el estado, indic\u00f3 que la mayor\u00eda de los actores pol\u00edticos han cuestionado esa determinaci\u00f3n, aunque existen algunos que lo defienden.<\/p>\n\n\n\n<p>\u201cLa mayor\u00eda considera que prorrogar el mandato es inadecuado y ser\u00e1 contraproducente, porque se est\u00e1 asumiendo la actitud de un reyezuelo\u201d, anot\u00f3.<\/p>\n\n\n\n<p>La forma en que se maneja el actual presidente del CEN del PRI, indic\u00f3 que resulta autoritaria, lo que deja sin argumentos para cuestionar los excesos cometidos por el Gobierno de la Rep\u00fablica emanado de MORENA.<\/p>\n\n\n\n<p>Por eso indic\u00f3: \u201cHay una desbandada silenciosa, en Guerrero y nivel nacional, es el resultado de acciones autoritarias, de Alejandro Moreno y de quienes lo apoyan\u201d.<\/p>\n\n\n\n<p><strong>Acervamiento con MC, no va en la ruta de abandonar al PRI<\/strong><\/p>\n\n\n\n<p>El martes por la tarde, Juli\u00e1n L\u00f3pez Galeana, nuevo dirigente del Movimiento Ciudadano (MC) en Guerrero declar\u00f3 que dicho instituto pol\u00edtico ten\u00eda acercamientos con el ex gobernador H\u00e9ctor Astudillo y el ex candidato a gobernador de la coalici\u00f3n PRI-PRD, Mario Moreno Arcos.<\/p>\n\n\n\n<p>L\u00f3pez Galeanada se\u00f1al\u00f3 que el MC es un instituto pol\u00edtico de puertas abiertas a la sociedad, que ha dialogado con militantes de otras fuerzas interesadas en mejorar las circunstancias en que se encuentra Guerrero.<\/p>\n\n\n\n<p>Al respecto, Apreza Patr\u00f3n manifest\u00f3 que el ex gobernador Astudillo, el ex candidato Moreno Arcos y \u00e9l mismos tienen amistad con muchos actores pol\u00edticos de la entidad.<\/p>\n\n\n\n<p>Sin embargo, el tambi\u00e9n coordinador parlamentario del tricolor en el Congreso local precis\u00f3: \u201cNo hay acercamientos en terminos de posibles renuncias al PRI e incorporaciones a otros partidos, ese es un asunto que no est\u00e1 en la palestra, lo comento con mucho conocimiento de causa\u201d.<\/p>\n\n\n\n<p>Indic\u00f3 que con el ex mandatario y el ex alcalde de Chilpancingo mantiene comunicaci\u00f3n de manera cotidiana, por lo que insisti\u00f3: \u201cNo est\u00e1 en el escenario ese asunto\u201d.<\/p>\n\n\n\n<p>Reconoci\u00f3 que el ex gobernador, Mario Moremo y \u00e9l mismos se encuentran en la ruta de trabajar por Guerrero, de discutir abiertamente los problemas del estado y los internos del PRI, buscando rutas de solucion, pero no necesariamente con la intenci\u00f3n de abandonar al tricolor.<\/p>\n\n\n\n<figure class=\"wp-block-gallery columns-0 is-cropped wp-block-gallery-1 is-layout-flex wp-block-gallery-is-layout-flex\"><ul class=\"blocks-gallery-grid\"><\/ul><\/figure>\n","protected":false},"excerpt":{"rendered":"<p>&#8212; Pero la prolongaci\u00f3n de Alejandro Moreno en el CEN del PRI, s\u00ed ha provocado una \u201cdesbandada silenciosa\u201d, advierten Rogelio Agust\u00edn El ex dirigente estatal del PRI, H\u00e9ctor Apreza Patr\u00f3n&hellip; <\/p>\n","protected":false},"author":21,"featured_media":61776,"comment_status":"open","ping_status":"open","sticky":false,"template":"","format":"standard","meta":{"fifu_image_url":"","fifu_image_alt":"","footnotes":""},"categories":[21],"tags":[],"class_list":["post-61775","post","type-post","status-publish","format-standard","has-post-thumbnail","hentry","category-politica"],"_links":{"self":[{"href":"https:\/\/www.interaccionnoticias.com.mx\/index.php?rest_route=\/wp\/v2\/posts\/61775","targetHints":{"allow":["GET"]}}],"collection":[{"href":"https:\/\/www.interaccionnoticias.com.mx\/index.php?rest_route=\/wp\/v2\/posts"}],"about":[{"href":"https:\/\/www.interaccionnoticias.com.mx\/index.php?rest_route=\/wp\/v2\/types\/post"}],"author":[{"embeddable":true,"href":"https:\/\/www.interaccionnoticias.com.mx\/index.php?rest_route=\/wp\/v2\/users\/21"}],"replies":[{"embeddable":true,"href":"https:\/\/www.interaccionnoticias.com.mx\/index.php?rest_route=%2Fwp%2Fv2%2Fcomments&post=61775"}],"version-history":[{"count":1,"href":"https:\/\/www.interaccionnoticias.com.mx\/index.php?rest_route=\/wp\/v2\/posts\/61775\/revisions"}],"predecessor-version":[{"id":61777,"href":"https:\/\/www.interaccionnoticias.com.mx\/index.php?rest_route=\/wp\/v2\/posts\/61775\/revisions\/61777"}],"wp:featuredmedia":[{"embeddable":true,"href":"https:\/\/www.interaccionnoticias.com.mx\/index.php?rest_route=\/wp\/v2\/media\/61776"}],"wp:attachment":[{"href":"https:\/\/www.interaccionnoticias.com.mx\/index.php?rest_route=%2Fwp%2Fv2%2Fmedia&parent=61775"}],"wp:term":[{"taxonomy":"category","embeddable":true,"href":"https:\/\/www.interaccionnoticias.com.mx\/index.php?rest_route=%2Fwp%2Fv2%2Fcategories&post=61775"},{"taxonomy":"post_tag","embeddable":true,"href":"https:\/\/www.interaccionnoticias.com.mx\/index.php?rest_route=%2Fwp%2Fv2%2Ftags&post=61775"}],"curies":[{"name":"wp","href":"https:\/\/api.w.org\/{rel}","templated":true}]}}