{"id":61616,"date":"2023-05-07T18:15:54","date_gmt":"2023-05-07T23:15:54","guid":{"rendered":"https:\/\/interaccionnoticias.com.mx\/?p=61616"},"modified":"2023-05-07T18:15:59","modified_gmt":"2023-05-07T23:15:59","slug":"dirigente-del-prd-guerrero-y-sindico-de-chilpancingo-discuten-en-facebook-por-difusion-de-claudia-sheubaum","status":"publish","type":"post","link":"https:\/\/www.interaccionnoticias.com.mx\/?p=61616","title":{"rendered":"Dirigente del PRD-Guerrero y s\u00edndico de Chilpancingo discuten en Facebook, por difusi\u00f3n de Claudia Sheubaum"},"content":{"rendered":"\n<p><strong><em>&#8212; Es una respuesta de la oposici\u00f3n, dice el s\u00edndico Andre Marmolejo<br>&#8212; No distingues la responsabilidad de tu cargo, se\u00f1ala Alberto Catal\u00e1n<\/em><\/strong><\/p>\n\n\n\n<p><strong>Rogelio Agust\u00edn<\/strong><\/p>\n\n\n\n<p>El dirigente estatal del PRD, Alberto Catal\u00e1n Bastida y el primer s\u00edndico de Chilpancingo, Andrei Marmolejo Valle sostuvieron un diferendo en redes sociales, por la difusi\u00f3n de la imagen de la jefa de Gobierno de la Ciudad de M\u00e9xico Claudia Sheimbaum Pardo como aspirante a la presidencia de la Rep\u00fablica.<\/p>\n\n\n\n<p>Catal\u00e1n Bastida retom\u00f3 una imagen que el primer s\u00edndico public\u00f3 en su muro de Facebook, en el que se aprecia la catedral de Santa Mar\u00eda de la Asunci\u00f3n, al centro de la silueta vista de perfil de la jefa de Gobierno de la capital del pa\u00eds, en la que se puede leer la leyanda: \u201cEn Guerrero Es Claudia\u201d.<\/p>\n\n\n\n<p>El dirigente del partido del sol azteca reproch\u00f3: \u201cEl propio s\u00edndico de Chilpancingo, Andrei Marmolejo Valle es quien promociona abiertamente la imagen de Claudia Sheimbaum desde sus redes sociales\u201d.<\/p>\n\n\n\n<p>Contin\u00faa: \u201cAhora todo tiene sentido: por eso la capital del estado ha sido invadida con esta campa\u00f1a electoral anticipada e invasiva. Si las propias autoridades municipales no hacen valer la ley, \u00bfSe imaginan que le espera a nuestra ciudad\u201d.<\/p>\n\n\n\n<p>El sindico aludido replic\u00f3 al se\u00f1alamiento: Esta es la respuesta de una oposici\u00f3n que sigie y seguir\u00e1 moralmente derrotada. Saludos presidente!!!<\/p>\n\n\n\n<p>Ante dicha respuesta, el dirigente del sol azteca revir\u00f3: \u201cQue l\u00e1stima que una autoridad local como tu viole la ley y se congratule de ello, no se trata de ser oposici\u00f3n o gobierno, deber\u00edas hacer tu trabajo, tienes una responsabilidad y no la cumples y no hablemos siquiera de ideolog\u00eda, se trata de responsabilidades espec\u00edficas por tu cargo para el cual fuiste electo, que l\u00e1stima que no distingas lo que tienes que hacer como autoridad municipal y otra muy distinta es tu ideolog\u00eda o miltancia partidista, hoy morenista y ma\u00f1ana quien sabe. Saludos\u201d-.<\/p>\n\n\n\n<p>El cruce de comentarios entre el dirigente partidista y el s\u00edndico capitalino gener\u00f3 la intervenci\u00f3n de otros usuarios de la red.<\/p>\n","protected":false},"excerpt":{"rendered":"<p>&#8212; Es una respuesta de la oposici\u00f3n, dice el s\u00edndico Andre Marmolejo&#8212; No distingues la responsabilidad de tu cargo, se\u00f1ala Alberto Catal\u00e1n Rogelio Agust\u00edn El dirigente estatal del PRD, Alberto&hellip; <\/p>\n","protected":false},"author":21,"featured_media":61617,"comment_status":"open","ping_status":"open","sticky":false,"template":"","format":"standard","meta":{"fifu_image_url":"","fifu_image_alt":"","footnotes":""},"categories":[21],"tags":[],"class_list":["post-61616","post","type-post","status-publish","format-standard","has-post-thumbnail","hentry","category-politica"],"_links":{"self":[{"href":"https:\/\/www.interaccionnoticias.com.mx\/index.php?rest_route=\/wp\/v2\/posts\/61616","targetHints":{"allow":["GET"]}}],"collection":[{"href":"https:\/\/www.interaccionnoticias.com.mx\/index.php?rest_route=\/wp\/v2\/posts"}],"about":[{"href":"https:\/\/www.interaccionnoticias.com.mx\/index.php?rest_route=\/wp\/v2\/types\/post"}],"author":[{"embeddable":true,"href":"https:\/\/www.interaccionnoticias.com.mx\/index.php?rest_route=\/wp\/v2\/users\/21"}],"replies":[{"embeddable":true,"href":"https:\/\/www.interaccionnoticias.com.mx\/index.php?rest_route=%2Fwp%2Fv2%2Fcomments&post=61616"}],"version-history":[{"count":1,"href":"https:\/\/www.interaccionnoticias.com.mx\/index.php?rest_route=\/wp\/v2\/posts\/61616\/revisions"}],"predecessor-version":[{"id":61618,"href":"https:\/\/www.interaccionnoticias.com.mx\/index.php?rest_route=\/wp\/v2\/posts\/61616\/revisions\/61618"}],"wp:featuredmedia":[{"embeddable":true,"href":"https:\/\/www.interaccionnoticias.com.mx\/index.php?rest_route=\/wp\/v2\/media\/61617"}],"wp:attachment":[{"href":"https:\/\/www.interaccionnoticias.com.mx\/index.php?rest_route=%2Fwp%2Fv2%2Fmedia&parent=61616"}],"wp:term":[{"taxonomy":"category","embeddable":true,"href":"https:\/\/www.interaccionnoticias.com.mx\/index.php?rest_route=%2Fwp%2Fv2%2Fcategories&post=61616"},{"taxonomy":"post_tag","embeddable":true,"href":"https:\/\/www.interaccionnoticias.com.mx\/index.php?rest_route=%2Fwp%2Fv2%2Ftags&post=61616"}],"curies":[{"name":"wp","href":"https:\/\/api.w.org\/{rel}","templated":true}]}}