{"id":61613,"date":"2023-05-07T18:12:45","date_gmt":"2023-05-07T23:12:45","guid":{"rendered":"https:\/\/interaccionnoticias.com.mx\/?p=61613"},"modified":"2023-05-07T18:12:50","modified_gmt":"2023-05-07T23:12:50","slug":"lider-de-morena-guerrero-exige-justicia-para-regidor-asesinado","status":"publish","type":"post","link":"https:\/\/www.interaccionnoticias.com.mx\/?p=61613","title":{"rendered":"L\u00edder de MORENA-Guerrero exige justicia para regidor asesinado"},"content":{"rendered":"\n<p><em><strong>Jacinto Gonz\u00e1lez Varona exige investigaci\u00f3n inmediata<\/strong><\/em><\/p>\n\n\n\n<p><strong>Rogelio Agust\u00edn<\/strong><\/p>\n\n\n\n<p>El dirigente estatal de MORENA, Jacinto Gonz\u00e1lez Varona exigi\u00f3 el esclarecimiento inmediato del asesinato cometido en agravio de Aurelio Ter\u00e1n Alvarado, quien fuera regidor de su partido en el municipio de Coyuca de Ben\u00edtez.<\/p>\n\n\n\n<p>El atentado en contra de Ter\u00e1n Alvarado se registr\u00f3 la jornada del s\u00e1bado 6 de mayo en el puerto de Acapulco, lo que gener\u00f3 la condena del presidente del Comit\u00e9 Ejecutivo Estatal (CEE) del partido gobernante.<\/p>\n\n\n\n<p>\u201cCondeno el cobarde asesinato de nuestro compa\u00f1ero de partido, el regidor de Coyuca de Ben\u00edtez Aurelio Ter\u00e1n Alvarado, hago un atento y respetuoso llamado a la Fiscal\u00eda General del Estado para que sean agilizadas las investigaciones y se d\u00e9 con el paradero de \u00e9l o los responsables de este lamentable hecho\u201d, indic\u00f3.<\/p>\n\n\n\n<p>Confi\u00f3 en que las autoridades se encargar\u00e1n de dar el seguimiento correspondiente a las indagatorias, pero anticip\u00f3 que como dirigente de partido, se mantendr\u00e1 pendiente del caso.<\/p>\n","protected":false},"excerpt":{"rendered":"<p>Jacinto Gonz\u00e1lez Varona exige investigaci\u00f3n inmediata Rogelio Agust\u00edn El dirigente estatal de MORENA, Jacinto Gonz\u00e1lez Varona exigi\u00f3 el esclarecimiento inmediato del asesinato cometido en agravio de Aurelio Ter\u00e1n Alvarado, quien&hellip; <\/p>\n","protected":false},"author":21,"featured_media":61614,"comment_status":"open","ping_status":"open","sticky":false,"template":"","format":"standard","meta":{"fifu_image_url":"","fifu_image_alt":"","footnotes":""},"categories":[21],"tags":[],"class_list":["post-61613","post","type-post","status-publish","format-standard","has-post-thumbnail","hentry","category-politica"],"_links":{"self":[{"href":"https:\/\/www.interaccionnoticias.com.mx\/index.php?rest_route=\/wp\/v2\/posts\/61613","targetHints":{"allow":["GET"]}}],"collection":[{"href":"https:\/\/www.interaccionnoticias.com.mx\/index.php?rest_route=\/wp\/v2\/posts"}],"about":[{"href":"https:\/\/www.interaccionnoticias.com.mx\/index.php?rest_route=\/wp\/v2\/types\/post"}],"author":[{"embeddable":true,"href":"https:\/\/www.interaccionnoticias.com.mx\/index.php?rest_route=\/wp\/v2\/users\/21"}],"replies":[{"embeddable":true,"href":"https:\/\/www.interaccionnoticias.com.mx\/index.php?rest_route=%2Fwp%2Fv2%2Fcomments&post=61613"}],"version-history":[{"count":1,"href":"https:\/\/www.interaccionnoticias.com.mx\/index.php?rest_route=\/wp\/v2\/posts\/61613\/revisions"}],"predecessor-version":[{"id":61615,"href":"https:\/\/www.interaccionnoticias.com.mx\/index.php?rest_route=\/wp\/v2\/posts\/61613\/revisions\/61615"}],"wp:featuredmedia":[{"embeddable":true,"href":"https:\/\/www.interaccionnoticias.com.mx\/index.php?rest_route=\/wp\/v2\/media\/61614"}],"wp:attachment":[{"href":"https:\/\/www.interaccionnoticias.com.mx\/index.php?rest_route=%2Fwp%2Fv2%2Fmedia&parent=61613"}],"wp:term":[{"taxonomy":"category","embeddable":true,"href":"https:\/\/www.interaccionnoticias.com.mx\/index.php?rest_route=%2Fwp%2Fv2%2Fcategories&post=61613"},{"taxonomy":"post_tag","embeddable":true,"href":"https:\/\/www.interaccionnoticias.com.mx\/index.php?rest_route=%2Fwp%2Fv2%2Ftags&post=61613"}],"curies":[{"name":"wp","href":"https:\/\/api.w.org\/{rel}","templated":true}]}}