{"id":61596,"date":"2023-05-07T11:54:43","date_gmt":"2023-05-07T16:54:43","guid":{"rendered":"https:\/\/interaccionnoticias.com.mx\/?p=61596"},"modified":"2023-05-07T11:54:48","modified_gmt":"2023-05-07T16:54:48","slug":"saldana-va-por-su-tercer-rectorado-en-la-uagro-es-candidato-unico","status":"publish","type":"post","link":"https:\/\/www.interaccionnoticias.com.mx\/?p=61596","title":{"rendered":"Salda\u00f1a va por su tercer rectorado en la UAGro, es candidato \u00fanico"},"content":{"rendered":"\n<p><strong><em>&#8212; Le niegan el registro a la doctora Silvia Alem\u00e1n Mundo y al maestros Jorge Luis Uriostegui Tra\u00edn<br>&#8212; No contaron con el aval de por lo menos 25 consejeros universitarios o 93 consejeros acad\u00e9micos<\/em><\/strong><\/p>\n\n\n\n<p><strong>Rogelio Agust\u00edn<\/strong><\/p>\n\n\n\n<p>La Comisi\u00f3n Electoral de la Universidad Aut\u00f3noma de Guerrero (UAGro) unicamente valid\u00f3 el registro del doctor Javier Salda\u00f1a Almaz\u00e1n como candidato a la rector\u00eda para el periodo 2023-2027, quedaron fuera de la contienda la doctora Silvia Alem\u00e1n Mundo y el Maestro en Ciencias Jorge Luis Uriostegui Tra\u00edn.<\/p>\n\n\n\n<p>Por segunda ocasi\u00f3n, Salda\u00f1a Almaz\u00e1n ser\u00e1 candidato de unidad en el proceso rectoril de la UAGro, por lo que tiene garantizado un tercer periodo de cuatro a\u00f1os al frente de la administraci\u00f3n central de la m\u00e1xima casa de estudios guerrerense.<\/p>\n\n\n\n<p>Lo anterior, de acuerdo con los dict\u00e1menes emitidos por la Comisi\u00f3n Electoral integrada por el Consejo Universitario, m\u00e1ximo \u00f3rgano de gobierno en la instituci\u00f3n, en el que se anota que el doctor en Comunicaci\u00f3n por la Universidad de la Habana Cuba, cumpli\u00f3 con los requisitos generales y espec\u00edficos establecidos en el art\u00edculo 30 de la Ley Org\u00e1nica de la UAGro, adem\u00e1s de lo contenido en los numerales 78 del Estatuto General y 10 del Reglamento General Electoral, de tal suerte que se le expidi\u00f3 la constancia correspondiente.<\/p>\n\n\n\n<p>Firmaron los integrantes de la C.E, Maribel Sep\u00falveda Covarrubias, como coordinadora; Ver\u00f3nica Gardu\u00f1o Dom\u00ednguez como secretaria y los vocales Francisco S\u00e1nchez Rosas, Rut Padilla Cruz, Bladimir Miranda B\u00e1rcenas, Jos\u00e9 David Herrera Rodr\u00edguez, Diego Enmanuel Barrag\u00e1n Ram\u00edrez y Felipe Rodrigo Urquizo Javier.<\/p>\n\n\n\n<p>En el caso de la doctora Silvia Alem\u00e1n Mundo, la Comisi\u00f3n Electoral determin\u00f3 que no cumpli\u00f3 con el requisito de contar con el respaldo de por lo menos 25 consejeros universitarios, mismos que deber\u00edan avalar su aspiraci\u00f3n y reconocer que tiene los m\u00e9ritos suficientes para aspirar a encabezar la rector\u00eda de la UAGro.<\/p>\n\n\n\n<p>Tampoco present\u00f3 un documento que avalara que cuena con el respaldo de los consejos acad\u00e9micos de por lo menos 12 escuelas que avalen su aspiraci\u00f3n y reconozcan que tiene los m\u00e9ritos suficientes para sustentar su aspiraci\u00f3n.<\/p>\n\n\n\n<p>Tampoco mostr\u00f3 el respaldo de 93 consejeros acad\u00e9micos de diferentes unidades acad\u00e9micas, lo que para los integrantes de la Comisi\u00f3n Universitaria fue determinante para no otorgarle el resgistro como candidata a la rector\u00eda.<\/p>\n\n\n\n<p>Los mismos argumentos operaron en el caso del doctor Jorge Luis Uriostegui Tra\u00edn.<\/p>\n\n\n\n<p>En consecuencia, solo hay un candidato a rector en la UAGro, lo que implica asegurar el tercer periodo como rector de Javier Salda\u00f1a Almaz\u00e1n.<\/p>\n","protected":false},"excerpt":{"rendered":"<p>&#8212; Le niegan el registro a la doctora Silvia Alem\u00e1n Mundo y al maestros Jorge Luis Uriostegui Tra\u00edn&#8212; No contaron con el aval de por lo menos 25 consejeros universitarios&hellip; <\/p>\n","protected":false},"author":21,"featured_media":61597,"comment_status":"open","ping_status":"open","sticky":false,"template":"","format":"standard","meta":{"fifu_image_url":"","fifu_image_alt":"","footnotes":""},"categories":[30],"tags":[],"class_list":["post-61596","post","type-post","status-publish","format-standard","has-post-thumbnail","hentry","category-universidad"],"_links":{"self":[{"href":"https:\/\/www.interaccionnoticias.com.mx\/index.php?rest_route=\/wp\/v2\/posts\/61596","targetHints":{"allow":["GET"]}}],"collection":[{"href":"https:\/\/www.interaccionnoticias.com.mx\/index.php?rest_route=\/wp\/v2\/posts"}],"about":[{"href":"https:\/\/www.interaccionnoticias.com.mx\/index.php?rest_route=\/wp\/v2\/types\/post"}],"author":[{"embeddable":true,"href":"https:\/\/www.interaccionnoticias.com.mx\/index.php?rest_route=\/wp\/v2\/users\/21"}],"replies":[{"embeddable":true,"href":"https:\/\/www.interaccionnoticias.com.mx\/index.php?rest_route=%2Fwp%2Fv2%2Fcomments&post=61596"}],"version-history":[{"count":1,"href":"https:\/\/www.interaccionnoticias.com.mx\/index.php?rest_route=\/wp\/v2\/posts\/61596\/revisions"}],"predecessor-version":[{"id":61598,"href":"https:\/\/www.interaccionnoticias.com.mx\/index.php?rest_route=\/wp\/v2\/posts\/61596\/revisions\/61598"}],"wp:featuredmedia":[{"embeddable":true,"href":"https:\/\/www.interaccionnoticias.com.mx\/index.php?rest_route=\/wp\/v2\/media\/61597"}],"wp:attachment":[{"href":"https:\/\/www.interaccionnoticias.com.mx\/index.php?rest_route=%2Fwp%2Fv2%2Fmedia&parent=61596"}],"wp:term":[{"taxonomy":"category","embeddable":true,"href":"https:\/\/www.interaccionnoticias.com.mx\/index.php?rest_route=%2Fwp%2Fv2%2Fcategories&post=61596"},{"taxonomy":"post_tag","embeddable":true,"href":"https:\/\/www.interaccionnoticias.com.mx\/index.php?rest_route=%2Fwp%2Fv2%2Ftags&post=61596"}],"curies":[{"name":"wp","href":"https:\/\/api.w.org\/{rel}","templated":true}]}}