{"id":61593,"date":"2023-05-07T11:51:44","date_gmt":"2023-05-07T16:51:44","guid":{"rendered":"https:\/\/interaccionnoticias.com.mx\/?p=61593"},"modified":"2023-05-07T11:51:50","modified_gmt":"2023-05-07T16:51:50","slug":"ejecutan-al-regidor-de-morena-en-coyuca-de-benitez","status":"publish","type":"post","link":"https:\/\/www.interaccionnoticias.com.mx\/?p=61593","title":{"rendered":"Ejecutan al regidor de Morena en Coyuca de Ben\u00edtez"},"content":{"rendered":"\n<p><strong><em>&#8212; Iba llegando a un puesto de tacos<br>&#8212; Sus familiares se llevaron el cad\u00e1ver<\/em><\/strong><\/p>\n\n\n\n<p><strong>Javier Trujillo<\/strong><\/p>\n\n\n\n<p><strong>Acapulco, Gro.- <\/strong>El regidor de Morena, del municipio de Coyuca de Ben\u00edtez, regi\u00f3n de la Costa Grande de Guerrero Aurelio Ter\u00e1n Alvarado, fue ultimado a balazos, en el poblado de El Pedregoso al poniente de Acapulco.<\/p>\n\n\n\n<p>La v\u00edctima se encontraba en su veh\u00edculo, y sus victimarios le dispararon en varias ocasiones, tras estacionarse cerca de un puesto de comida, en el poblado El Pedregoso, en la zona suburbana del puerto de Acapulco.<\/p>\n\n\n\n<p>El cad\u00e1ver del edil coyuquense fue levantado por sus propios familiares, quienes los trasladaron a su domicilio en el poblado El Cerrito de Oro, en el municipio de Coyuca de Ben\u00edtez.<\/p>\n\n\n\n<p>En los \u00faltimos seis meses los homicidios dolosos en esta localidad de la Costa Grande se han incrementado, sin que el alcalde morenista, Ossiel Pacheco, se haya pronunciado al respecto.<\/p>\n\n\n\n<p>Cabe mencionar qu\u00e9 en lo que va de la administraci\u00f3n del edil Pacheco Salas, ha guardado un silencio hasta de la renuncia del jefe de la Polic\u00eda de esa localidad que tras ser baleado fue obligado a presentar su renunciar.<\/p>\n\n\n\n<p>El edil coyuquense, se desempe\u00f1aba como regidor desde el 1 de octubre del 2021 en esa localidad de la Costa Grande.<\/p>\n\n\n\n<p><\/p>\n","protected":false},"excerpt":{"rendered":"<p>&#8212; Iba llegando a un puesto de tacos&#8212; Sus familiares se llevaron el cad\u00e1ver Javier Trujillo Acapulco, Gro.- El regidor de Morena, del municipio de Coyuca de Ben\u00edtez, regi\u00f3n de&hellip; <\/p>\n","protected":false},"author":3,"featured_media":61594,"comment_status":"open","ping_status":"open","sticky":false,"template":"","format":"standard","meta":{"fifu_image_url":"","fifu_image_alt":"","footnotes":""},"categories":[27],"tags":[],"class_list":["post-61593","post","type-post","status-publish","format-standard","has-post-thumbnail","hentry","category-seguridad-publica"],"_links":{"self":[{"href":"https:\/\/www.interaccionnoticias.com.mx\/index.php?rest_route=\/wp\/v2\/posts\/61593","targetHints":{"allow":["GET"]}}],"collection":[{"href":"https:\/\/www.interaccionnoticias.com.mx\/index.php?rest_route=\/wp\/v2\/posts"}],"about":[{"href":"https:\/\/www.interaccionnoticias.com.mx\/index.php?rest_route=\/wp\/v2\/types\/post"}],"author":[{"embeddable":true,"href":"https:\/\/www.interaccionnoticias.com.mx\/index.php?rest_route=\/wp\/v2\/users\/3"}],"replies":[{"embeddable":true,"href":"https:\/\/www.interaccionnoticias.com.mx\/index.php?rest_route=%2Fwp%2Fv2%2Fcomments&post=61593"}],"version-history":[{"count":1,"href":"https:\/\/www.interaccionnoticias.com.mx\/index.php?rest_route=\/wp\/v2\/posts\/61593\/revisions"}],"predecessor-version":[{"id":61595,"href":"https:\/\/www.interaccionnoticias.com.mx\/index.php?rest_route=\/wp\/v2\/posts\/61593\/revisions\/61595"}],"wp:featuredmedia":[{"embeddable":true,"href":"https:\/\/www.interaccionnoticias.com.mx\/index.php?rest_route=\/wp\/v2\/media\/61594"}],"wp:attachment":[{"href":"https:\/\/www.interaccionnoticias.com.mx\/index.php?rest_route=%2Fwp%2Fv2%2Fmedia&parent=61593"}],"wp:term":[{"taxonomy":"category","embeddable":true,"href":"https:\/\/www.interaccionnoticias.com.mx\/index.php?rest_route=%2Fwp%2Fv2%2Fcategories&post=61593"},{"taxonomy":"post_tag","embeddable":true,"href":"https:\/\/www.interaccionnoticias.com.mx\/index.php?rest_route=%2Fwp%2Fv2%2Ftags&post=61593"}],"curies":[{"name":"wp","href":"https:\/\/api.w.org\/{rel}","templated":true}]}}