{"id":61586,"date":"2023-05-07T11:45:00","date_gmt":"2023-05-07T16:45:00","guid":{"rendered":"https:\/\/interaccionnoticias.com.mx\/?p=61586"},"modified":"2023-05-07T11:45:04","modified_gmt":"2023-05-07T16:45:04","slug":"muere-motociclista-al-derrapar-en-la-carretera-federal","status":"publish","type":"post","link":"https:\/\/www.interaccionnoticias.com.mx\/?p=61586","title":{"rendered":"Muere motociclista al derrapar en la carretera federal"},"content":{"rendered":"\n<p><em><strong>&#8212; Delicado, conductor de un chevy que se impact\u00f3 contra cami\u00f3n repartidor<\/strong><\/em><\/p>\n\n\n\n<p><strong>Rogelio Agust\u00edn<\/strong><\/p>\n\n\n\n<p>Un motociclista muri\u00f3 al perder el control de la unidad y derrapar sobre la carretera federal M\u00e9xico-Acapulco, a escasos cinco kil\u00f3metros de Zumpango, cabecera municipal de Eduardo Neri.<\/p>\n\n\n\n<p>El percance registr\u00f3 la jornada del s\u00e1bado 6 de mayo, cuando un var\u00f3n de aproximados 30 a\u00f1os circulaba sobre los carriles sur- norte de la carretera de referencia.<\/p>\n\n\n\n<p>La unidad derrap\u00f3 y se sali\u00f3 de la carretera, el hombre que vest\u00eda pantal\u00f3n de mezclilla color negro y chamarra del mismo color muri\u00f3 al impactarse sobre la cinta asf\u00e1ltica, quedando recargado en una cuneta.<\/p>\n\n\n\n<p>Ah\u00ed fue levantado por personal del Servicio M\u00e9dico Forense (Semefo) que lo traslad\u00f3 a sus instalaciones, en Chilpancingo.<\/p>\n\n\n\n<p>Se impacta chevy contra cami\u00f3n repartidor<\/p>\n\n\n\n<p>La noche del mismo s\u00e1bado, un auto tipo Chevy de color blanco, placas HD-94-44 del estado de Guerrero se impact\u00f3 contra la parte trasera de un minicami\u00f3n repartidor de la empresa Bonafont.<\/p>\n\n\n\n<p>El percance se registr\u00f3 sobre los carriles centrales del bulevar Vicente Guerrero, sentido norte-sur, a la altura del Congreso local.<\/p>\n\n\n\n<p>Param\u00e9dicos de Protecci\u00f3n Civil acudieron al lugar para prestar el auxilio correspodiente, llev\u00e1ndose herido al conductor del veh\u00edculo compacto.<\/p>\n","protected":false},"excerpt":{"rendered":"<p>&#8212; Delicado, conductor de un chevy que se impact\u00f3 contra cami\u00f3n repartidor Rogelio Agust\u00edn Un motociclista muri\u00f3 al perder el control de la unidad y derrapar sobre la carretera federal&hellip; <\/p>\n","protected":false},"author":21,"featured_media":61587,"comment_status":"open","ping_status":"open","sticky":false,"template":"","format":"standard","meta":{"fifu_image_url":"","fifu_image_alt":"","footnotes":""},"categories":[27],"tags":[],"class_list":["post-61586","post","type-post","status-publish","format-standard","has-post-thumbnail","hentry","category-seguridad-publica"],"_links":{"self":[{"href":"https:\/\/www.interaccionnoticias.com.mx\/index.php?rest_route=\/wp\/v2\/posts\/61586","targetHints":{"allow":["GET"]}}],"collection":[{"href":"https:\/\/www.interaccionnoticias.com.mx\/index.php?rest_route=\/wp\/v2\/posts"}],"about":[{"href":"https:\/\/www.interaccionnoticias.com.mx\/index.php?rest_route=\/wp\/v2\/types\/post"}],"author":[{"embeddable":true,"href":"https:\/\/www.interaccionnoticias.com.mx\/index.php?rest_route=\/wp\/v2\/users\/21"}],"replies":[{"embeddable":true,"href":"https:\/\/www.interaccionnoticias.com.mx\/index.php?rest_route=%2Fwp%2Fv2%2Fcomments&post=61586"}],"version-history":[{"count":1,"href":"https:\/\/www.interaccionnoticias.com.mx\/index.php?rest_route=\/wp\/v2\/posts\/61586\/revisions"}],"predecessor-version":[{"id":61588,"href":"https:\/\/www.interaccionnoticias.com.mx\/index.php?rest_route=\/wp\/v2\/posts\/61586\/revisions\/61588"}],"wp:featuredmedia":[{"embeddable":true,"href":"https:\/\/www.interaccionnoticias.com.mx\/index.php?rest_route=\/wp\/v2\/media\/61587"}],"wp:attachment":[{"href":"https:\/\/www.interaccionnoticias.com.mx\/index.php?rest_route=%2Fwp%2Fv2%2Fmedia&parent=61586"}],"wp:term":[{"taxonomy":"category","embeddable":true,"href":"https:\/\/www.interaccionnoticias.com.mx\/index.php?rest_route=%2Fwp%2Fv2%2Fcategories&post=61586"},{"taxonomy":"post_tag","embeddable":true,"href":"https:\/\/www.interaccionnoticias.com.mx\/index.php?rest_route=%2Fwp%2Fv2%2Ftags&post=61586"}],"curies":[{"name":"wp","href":"https:\/\/api.w.org\/{rel}","templated":true}]}}