{"id":61527,"date":"2023-05-04T18:19:09","date_gmt":"2023-05-04T23:19:09","guid":{"rendered":"https:\/\/interaccionnoticias.com.mx\/?p=61527"},"modified":"2023-05-04T18:19:14","modified_gmt":"2023-05-04T23:19:14","slug":"denuncian-que-un-grupo-universitario-pretende-imponer-a-javier-saldana-como-rector-de-la-uagro","status":"publish","type":"post","link":"https:\/\/www.interaccionnoticias.com.mx\/?p=61527","title":{"rendered":"Denuncian que un grupo universitario pretende imponer a Javier Salda\u00f1a como rector de la Uagro."},"content":{"rendered":"\n<p><strong>Rosario Garc\u00eda Orozco<\/strong><\/p>\n\n\n\n<p>Chilpancingo, Gro., 04 de mayo den2023.- Integrantes del Movimiento por el Rescate de la Democracia, la Dignidad y la Autonom\u00eda de la Universidad Aut\u00f3noma de Guerrero (UAGro), denunciaron que un grupo universario pretende imponer a Javier Salda\u00f1a Almaz\u00e1n como rector de la m\u00e1xima casa de estudios.<\/p>\n\n\n\n<p>En conferencia de prensa, el ex diputado federal, Rub\u00e9n Cayetano Garc\u00eda, asegur\u00f3 que \u00abuna peque\u00f1a minor\u00eda cupular\u00bb de manera ilegal han simulado procedimientos democr\u00e1ticos para beneficio propio \u00abest\u00e1n desquiciados por el poder y control presupuestal de m\u00e1s de 3 mil millones de pesos para elejercicio 2023\u00bb.<\/p>\n\n\n\n<p>Por su parte, Jorge Luis Uriostegui Tra\u00edn, docente de la Facultad de Arquitectura y Urbanismo de la UAGro, y precandidato a rector, afirm\u00f3 que los l\u00edderes sindicales \u00abno defienden a los trabajadores y hacen lo que dice el cacique\u00bb, al referirse al dos veces rector Salda\u00f1a Almaz\u00e1n.<\/p>\n\n\n\n<p>Por su parte, Silvia Alem\u00e1n Mundo, catedr\u00e1tica de la Facultad de Filosof\u00eda y Letras, insisti\u00f3 en su inter\u00e9s de participar como candidata a rectora para el periodo 2023-2027, pero sostuvo que est\u00e1 limitada por los \u00abcandados\u00bb que marca la convocatoria, sobre las 25 firmas de apoyo de consejeros universitarios, y cuestion\u00f3 el inter\u00e9s de Salda\u00f1a Almaz\u00e1n de \u00abanular la competencia para ser el candidato \u00fanico, como sucedi\u00f3 en la anterior elecci\u00f3n\u00bb, violando la Ley Org\u00e1nica de la Universidad Aut\u00f3noma de Guerrero.<\/p>\n\n\n\n<p>\u00abEs hora de que una mujer sea rectora de la m\u00e1xima casa de estudios\u00bb, insisti\u00f3 Alem\u00e1n Mundo y sostuvo que por segunda ocasi\u00f3n solicitar\u00e1 su registro como aspirante el s\u00e1bado 6 de mayo, la primera vez fue en 2017, \u00abpero ahora somos m\u00e1s aliados, porque este movimiento se amplia con el paso del tiempo\u00bb.<\/p>\n\n\n\n<p>El grupo opositor, tambi\u00e9n convoc\u00f3 a las comunidad estudiantil, administrativos y personal docente a marchar el pr\u00f3ximo s\u00e1bado 06 de mayo en Chilpancingo, \u00abpor el rescate y defensa de la autonom\u00eda universitaria\u00bb.<\/p>\n","protected":false},"excerpt":{"rendered":"<p>Rosario Garc\u00eda Orozco Chilpancingo, Gro., 04 de mayo den2023.- Integrantes del Movimiento por el Rescate de la Democracia, la Dignidad y la Autonom\u00eda de la Universidad Aut\u00f3noma de Guerrero (UAGro),&hellip; <\/p>\n","protected":false},"author":14,"featured_media":61528,"comment_status":"open","ping_status":"open","sticky":false,"template":"","format":"standard","meta":{"fifu_image_url":"","fifu_image_alt":"","footnotes":""},"categories":[30],"tags":[],"class_list":["post-61527","post","type-post","status-publish","format-standard","has-post-thumbnail","hentry","category-universidad"],"_links":{"self":[{"href":"https:\/\/www.interaccionnoticias.com.mx\/index.php?rest_route=\/wp\/v2\/posts\/61527","targetHints":{"allow":["GET"]}}],"collection":[{"href":"https:\/\/www.interaccionnoticias.com.mx\/index.php?rest_route=\/wp\/v2\/posts"}],"about":[{"href":"https:\/\/www.interaccionnoticias.com.mx\/index.php?rest_route=\/wp\/v2\/types\/post"}],"author":[{"embeddable":true,"href":"https:\/\/www.interaccionnoticias.com.mx\/index.php?rest_route=\/wp\/v2\/users\/14"}],"replies":[{"embeddable":true,"href":"https:\/\/www.interaccionnoticias.com.mx\/index.php?rest_route=%2Fwp%2Fv2%2Fcomments&post=61527"}],"version-history":[{"count":1,"href":"https:\/\/www.interaccionnoticias.com.mx\/index.php?rest_route=\/wp\/v2\/posts\/61527\/revisions"}],"predecessor-version":[{"id":61529,"href":"https:\/\/www.interaccionnoticias.com.mx\/index.php?rest_route=\/wp\/v2\/posts\/61527\/revisions\/61529"}],"wp:featuredmedia":[{"embeddable":true,"href":"https:\/\/www.interaccionnoticias.com.mx\/index.php?rest_route=\/wp\/v2\/media\/61528"}],"wp:attachment":[{"href":"https:\/\/www.interaccionnoticias.com.mx\/index.php?rest_route=%2Fwp%2Fv2%2Fmedia&parent=61527"}],"wp:term":[{"taxonomy":"category","embeddable":true,"href":"https:\/\/www.interaccionnoticias.com.mx\/index.php?rest_route=%2Fwp%2Fv2%2Fcategories&post=61527"},{"taxonomy":"post_tag","embeddable":true,"href":"https:\/\/www.interaccionnoticias.com.mx\/index.php?rest_route=%2Fwp%2Fv2%2Ftags&post=61527"}],"curies":[{"name":"wp","href":"https:\/\/api.w.org\/{rel}","templated":true}]}}