{"id":61439,"date":"2023-05-02T23:49:29","date_gmt":"2023-05-03T04:49:29","guid":{"rendered":"https:\/\/interaccionnoticias.com.mx\/?p=61439"},"modified":"2023-05-02T23:49:35","modified_gmt":"2023-05-03T04:49:35","slug":"destaca-gilberto-solano-la-obra-social-dirigida-a-las-ninas-y-ninos-de-tlapa-de-comonfort-%f0%9f%92%9a","status":"publish","type":"post","link":"https:\/\/www.interaccionnoticias.com.mx\/?p=61439","title":{"rendered":"Destaca Gilberto Solano la obra social dirigida a las ni\u00f1as y ni\u00f1os de #Tlapa de Comonfort \ud83d\udc9a"},"content":{"rendered":"\n<p>Tlapa de Comonfort a 1 de mayo de 2023.- \u00abEn el coraz\u00f3n de la #Monta\u00f1a se hace obra social dirigida a las ni\u00f1as y los ni\u00f1os para su pleno desarrollo\u00bb, destac\u00f3 el primer presidente ind\u00edgena de Tlapa de Comonfort, Gilberto Solano Arreaga, en el marco del D\u00eda de la Ni\u00f1ez, celebrado con &#8216;Grandeza&#8217; en la Unidad Deportiva de la ciudad, donde la presidenta honor\u00edfica del #DIF, Guadalupe Alarc\u00f3n Arcos resalt\u00f3 la alegr\u00eda de los m\u00e1s peque\u00f1os del hogar.<\/p>\n\n\n\n<p>En su mensaje, Gilberto Solano pidi\u00f3 a los festejados so\u00f1ar \ud83d\ude4c\ud83c\udffd con la ilusi\u00f3n de ser profesionistas, as\u00ed habr\u00e1 un buen futuro para Tlapa, porque en el municipio se hace una pol\u00edtica y obra social para los infantes.<\/p>\n\n\n\n<p>Ante esto le solicit\u00f3 a los padres, quienes tienen un papel fundamental, \u00absembrar en los ni\u00f1os la cosquilla del sue\u00f1o de qu\u00e9 quieren ser de grandes\u00bb, expres\u00f3 Solano Arreaga.<\/p>\n\n\n\n<p>En ese tenor, hizo referencia de que \u00abse tienen que bautizar a nuestros ni\u00f1os como nuestras \u00e1guilas peque\u00f1as, para que emprendan el vuelo de la ilusi\u00f3n y que cumplan su gran sue\u00f1o\u00bb.<\/p>\n\n\n\n<p>Con amenidades, como brincolines, juegos, espect\u00e1culo musicales y show de payasos, as\u00ed como juguetes y pastel, las ni\u00f1as y ni\u00f1os disfrutaron su d\u00eda.<\/p>\n\n\n\n<p>Con estas acciones, el Gobierno Municipal de Tlapa de Comonfort construye la cohesion social y se impulsa el desarrollo de pol\u00edticas p\u00fablicas que permiten que todas las ni\u00f1as y ni\u00f1os accedan a oportunidades equitativas.<\/p>\n","protected":false},"excerpt":{"rendered":"<p>Tlapa de Comonfort a 1 de mayo de 2023.- \u00abEn el coraz\u00f3n de la #Monta\u00f1a se hace obra social dirigida a las ni\u00f1as y los ni\u00f1os para su pleno desarrollo\u00bb,&hellip; <\/p>\n","protected":false},"author":19,"featured_media":61440,"comment_status":"open","ping_status":"open","sticky":false,"template":"","format":"standard","meta":{"fifu_image_url":"","fifu_image_alt":"","footnotes":""},"categories":[23],"tags":[],"class_list":["post-61439","post","type-post","status-publish","format-standard","has-post-thumbnail","hentry","category-regionales"],"_links":{"self":[{"href":"https:\/\/www.interaccionnoticias.com.mx\/index.php?rest_route=\/wp\/v2\/posts\/61439","targetHints":{"allow":["GET"]}}],"collection":[{"href":"https:\/\/www.interaccionnoticias.com.mx\/index.php?rest_route=\/wp\/v2\/posts"}],"about":[{"href":"https:\/\/www.interaccionnoticias.com.mx\/index.php?rest_route=\/wp\/v2\/types\/post"}],"author":[{"embeddable":true,"href":"https:\/\/www.interaccionnoticias.com.mx\/index.php?rest_route=\/wp\/v2\/users\/19"}],"replies":[{"embeddable":true,"href":"https:\/\/www.interaccionnoticias.com.mx\/index.php?rest_route=%2Fwp%2Fv2%2Fcomments&post=61439"}],"version-history":[{"count":1,"href":"https:\/\/www.interaccionnoticias.com.mx\/index.php?rest_route=\/wp\/v2\/posts\/61439\/revisions"}],"predecessor-version":[{"id":61441,"href":"https:\/\/www.interaccionnoticias.com.mx\/index.php?rest_route=\/wp\/v2\/posts\/61439\/revisions\/61441"}],"wp:featuredmedia":[{"embeddable":true,"href":"https:\/\/www.interaccionnoticias.com.mx\/index.php?rest_route=\/wp\/v2\/media\/61440"}],"wp:attachment":[{"href":"https:\/\/www.interaccionnoticias.com.mx\/index.php?rest_route=%2Fwp%2Fv2%2Fmedia&parent=61439"}],"wp:term":[{"taxonomy":"category","embeddable":true,"href":"https:\/\/www.interaccionnoticias.com.mx\/index.php?rest_route=%2Fwp%2Fv2%2Fcategories&post=61439"},{"taxonomy":"post_tag","embeddable":true,"href":"https:\/\/www.interaccionnoticias.com.mx\/index.php?rest_route=%2Fwp%2Fv2%2Ftags&post=61439"}],"curies":[{"name":"wp","href":"https:\/\/api.w.org\/{rel}","templated":true}]}}