{"id":61432,"date":"2023-05-02T21:28:21","date_gmt":"2023-05-03T02:28:21","guid":{"rendered":"https:\/\/interaccionnoticias.com.mx\/?p=61432"},"modified":"2023-05-02T21:28:25","modified_gmt":"2023-05-03T02:28:25","slug":"marcha-convocada-por-universitarios-para-el-5-de-mayo-no-es-para-defender-la-autonomia-de-la-universidad","status":"publish","type":"post","link":"https:\/\/www.interaccionnoticias.com.mx\/?p=61432","title":{"rendered":"Marcha convocada por universitarios para el 5 de mayo no es para defender la autonom\u00eda de la universidad"},"content":{"rendered":"\n<p><em><strong>&#8212; Pretenden que sea para respaldar el registro de Javier Salda\u00f1a como candidato a rector<\/strong><\/em><\/p>\n\n\n\n<p><strong>Rosario Garc\u00eda Orozco<\/strong><\/p>\n\n\n\n<p><strong>Chilpancingo, Gro., 02 de mayo del 2023.-<\/strong> La marcha por la autonom\u00eda de la Universidad convocada para el 05 de mayo, es en realidad para el registro de Javier Salda\u00f1a Almaz\u00e1n, como candidato a rector para el periodo del 2023-2027, sostuvieron Integrantes del frente \u00abUniversitarios por la Democracia y la Academia (UDA) de la Universidad Aut\u00f3noma de Guerrero (UAGro).<\/p>\n\n\n\n<p>En conferencia de prensa, Rom\u00e1n Ibarra Flores, catedr\u00e1tico de la Facultad de Derecho de la Uagro, e integrante del grupo opositor a Salda\u00f1a Almaz\u00e1n, asegur\u00f3 que la movilizaci\u00f3n a la que convocan los seguidores del ex rector es para que lo acompa\u00f1en a su registro, y los estudiantes acudir\u00e1n por la presi\u00f3n que ejercen los maestros para que apoyen a su candidato.<\/p>\n\n\n\n<p>En tanto que Ram\u00f3n Reyes Carreto, docente de la Facultad de Matem\u00e1ticas, denunci\u00f3 p\u00fablicamente que, con el respaldo de directivos y docentes \u00abest\u00e1n convocando a todos los j\u00f3venes universitarios de preparatorias\u00bb de toda la entidad a asistir a Chilpancingo para participar en la movilizaci\u00f3n, pero a los padres de los adolescentes no les dicen para qu\u00e9 es la convocatoria, por lo que responsabiliz\u00f3 a Javier Salda\u00f1a de cualquier accidente que pudiera ocurrir durante el traslado a la ciudad capital de los estudiantes universitarios.<\/p>\n\n\n\n<p>Los docentes universitarios denunciaron que son blanco de una camapa\u00f1a \u00absucia\u00bb, y lamentaron que en medios de comunicacion, los seguidores, sin dar nombres, de Javier Salda\u00f1a, \u00abse metieron con temas de nuestras vidas privadas, y eso no se vale, pero adem\u00e1s son temas que ya fueron resueltos hace a\u00f1os\u00bb.<\/p>\n\n\n\n<p>Insistieron en que desde hace varios a\u00f1os, la Universidad Autonoma de Guerrero ha cedido a beneficios a favor de algunos grupos y denunciaron que hay por lo menos 30 plazas asignadas de manera directa a familiares de quienes forman parte del equipo de Javier Salda\u00f1a Almaz\u00e1n desde que era rector.<\/p>\n","protected":false},"excerpt":{"rendered":"<p>&#8212; Pretenden que sea para respaldar el registro de Javier Salda\u00f1a como candidato a rector Rosario Garc\u00eda Orozco Chilpancingo, Gro., 02 de mayo del 2023.- La marcha por la autonom\u00eda&hellip; <\/p>\n","protected":false},"author":14,"featured_media":61433,"comment_status":"open","ping_status":"open","sticky":false,"template":"","format":"standard","meta":{"fifu_image_url":"","fifu_image_alt":"","footnotes":""},"categories":[30],"tags":[],"class_list":["post-61432","post","type-post","status-publish","format-standard","has-post-thumbnail","hentry","category-universidad"],"_links":{"self":[{"href":"https:\/\/www.interaccionnoticias.com.mx\/index.php?rest_route=\/wp\/v2\/posts\/61432","targetHints":{"allow":["GET"]}}],"collection":[{"href":"https:\/\/www.interaccionnoticias.com.mx\/index.php?rest_route=\/wp\/v2\/posts"}],"about":[{"href":"https:\/\/www.interaccionnoticias.com.mx\/index.php?rest_route=\/wp\/v2\/types\/post"}],"author":[{"embeddable":true,"href":"https:\/\/www.interaccionnoticias.com.mx\/index.php?rest_route=\/wp\/v2\/users\/14"}],"replies":[{"embeddable":true,"href":"https:\/\/www.interaccionnoticias.com.mx\/index.php?rest_route=%2Fwp%2Fv2%2Fcomments&post=61432"}],"version-history":[{"count":1,"href":"https:\/\/www.interaccionnoticias.com.mx\/index.php?rest_route=\/wp\/v2\/posts\/61432\/revisions"}],"predecessor-version":[{"id":61434,"href":"https:\/\/www.interaccionnoticias.com.mx\/index.php?rest_route=\/wp\/v2\/posts\/61432\/revisions\/61434"}],"wp:featuredmedia":[{"embeddable":true,"href":"https:\/\/www.interaccionnoticias.com.mx\/index.php?rest_route=\/wp\/v2\/media\/61433"}],"wp:attachment":[{"href":"https:\/\/www.interaccionnoticias.com.mx\/index.php?rest_route=%2Fwp%2Fv2%2Fmedia&parent=61432"}],"wp:term":[{"taxonomy":"category","embeddable":true,"href":"https:\/\/www.interaccionnoticias.com.mx\/index.php?rest_route=%2Fwp%2Fv2%2Fcategories&post=61432"},{"taxonomy":"post_tag","embeddable":true,"href":"https:\/\/www.interaccionnoticias.com.mx\/index.php?rest_route=%2Fwp%2Fv2%2Ftags&post=61432"}],"curies":[{"name":"wp","href":"https:\/\/api.w.org\/{rel}","templated":true}]}}